{"id":6874,"date":"2019-04-08T18:02:03","date_gmt":"2019-04-08T22:02:03","guid":{"rendered":"http:\/\/www.primeranota.cl\/web\/?p=6874"},"modified":"2019-04-08T18:02:03","modified_gmt":"2019-04-08T22:02:03","slug":"ley-del-cancer-vincula-a-la-ciudadania-quintana-valoro-indicaciones-a-la-tramitacion","status":"publish","type":"post","link":"http:\/\/www.primeranota.cl\/web\/pais\/ley-del-cancer-vincula-a-la-ciudadania-quintana-valoro-indicaciones-a-la-tramitacion\/","title":{"rendered":"Ley del C\u00e1ncer vincula a la ciudadan\u00eda: Quintana valor\u00f3 indicaciones a la tramitaci\u00f3n"},"content":{"rendered":"<p>Este lunes el presidente del Senado, Jaime Quintana, recibi\u00f3 de parte de la senadora Carolina Goic, un informe con 24 indicaciones a la tramitaci\u00f3n de la ley nacional del c\u00e1ncer que fueron realizadas por la ciudadan\u00eda mediante un plataforma digital.<\/p>\n<p>La iniciativa, seg\u00fan cont\u00f3 la senadora, surgi\u00f3 a partir del Congreso del Futuro realizado en enero de este a\u00f1o. All\u00ed conoci\u00f3 al director del Centro de Inteligencia Colectiva del MIT (Massachusetts Institute of Technology), Thomas Malone, quien le propuso realizar un proceso participativo a trav\u00e9s de una plataforma digital.<\/p>\n<p>Vinculaci\u00f3n con la ciudadan\u00eda<\/p>\n<p>As\u00ed, entre el 13 de marzo y el 1 de abril se dispuso una p\u00e1gina web para que distintas personas hicieran llegar sus inquietudes en torno al proyecto. Llegaron sugerencias de 1.049 personas que fueron desglosadas en los 18 art\u00edculos de la ley, adem\u00e1s de un apartado denominado &#8220;otras sugerencias&#8221; que recibi\u00f3 197 propuestas. Al MIT le correspondi\u00f3 sistematizar la informaci\u00f3n recibida -muchas veces testimonios personales- y clasificarlas en propuestas concretas.<\/p>\n<p>En ese sentido, las senadora Carolina Goic explic\u00f3 que \u201ces la primera vez que a trav\u00e9s de la tecnolog\u00eda pudimos estar en contacto con mucha gente que opin\u00f3 respecto de la tramitaci\u00f3n en detalle de la ley nacional de c\u00e1ncer\u201d.<\/p>\n<p>Por su parte, el senador de La Araucan\u00eda y presidente de la C\u00e1mara Alta, Jaime Quintana, dijo que \u201ccreemos que se ha dado un paso muy importante. Cuando asumimos la nueva mesa del Senado, dijimos que uno de nuestros ejes fundamentales iba a ser la interacci\u00f3n con la ciudadan\u00eda, y una de ellas, es la participaci\u00f3n a trav\u00e9s de las redes y plataformas\u201d.<\/p>\n<p>Resultados<\/p>\n<p>Como la campa\u00f1a de difusi\u00f3n se realiz\u00f3 principalmente en torno a organizaciones relacionadas con el c\u00e1ncer, la mayor\u00eda de quienes participaron son especialistas o gente afectada por la enfermedad.<\/p>\n<p>&#8220;Lo que m\u00e1s se repite son la cobertura para los c\u00e1nceres que no est\u00e1n en el Plan Auge y el acceso a medicamentos oncol\u00f3gicos de alto costo. Tambi\u00e9n hay sugerencias interesantes como la medicina integrativa o las terapias complementarias. Y si pudiera destacar algo que dicen las personas, es el temor a perder el trabajo por el c\u00e1ncer, que es algo que no tiene que ver con la medicina tradicional pero que es la realidad que vive la gente. Por ejemplo, les preocupa el resguardo de los datos para que los afectados no sean discriminados&#8221;, coment\u00f3 Goic.<\/p>\n<p>Finalmente, el senador Jaime Quintana, agradeci\u00f3 y felicit\u00f3 a la senadora Carolina Goic por haber liderado una iniciativa \u201cque claramente es in\u00e9dita para el Senado\u201d, dijo el congresista.<\/p>\n<p>El parlamentario de La Araucan\u00eda, adem\u00e1s reconoci\u00f3 que \u201cm\u00e1s all\u00e1 del esfuerzo que todas las comisiones hacen por acoger y recoger el planteamiento de las organizaciones, es imposible que en las sesiones de comisi\u00f3n se puedan escuchar las propuestas y planteamientos, como en este caso, de cientos o m\u00e1s de mil personas que no solo se registraron, sino que participaron activamente, con personas que moderaban el debate, con especialistas y con doctores\u201d.<\/p>\n<p>Por lo tanto, el presidente del Senado, enfatiz\u00f3 en que \u201cesta iniciativa va a ser presentada en los pr\u00f3ximos d\u00edas a la comisi\u00f3n de R\u00e9gimen Interior como un modelo a seguir en otras discusiones legislativas durante el a\u00f1o, ya que sin duda alguna, el v\u00ednculo de la ciudadan\u00eda con el Senado perfecciona la labor legislativa.\u201d, asegur\u00f3 Quintana.<\/p>\n","protected":false},"excerpt":{"rendered":"<p>Este lunes el presidente del Senado, Jaime Quintana, recibi\u00f3 de parte de la senadora Carolina Goic, un informe con 24 indicaciones a la tramitaci\u00f3n de&#8230;<\/p>\n","protected":false},"author":2,"featured_media":6875,"comment_status":"closed","ping_status":"open","sticky":false,"template":"","format":"standard","meta":{"footnotes":""},"categories":[4,267],"tags":[],"_links":{"self":[{"href":"http:\/\/www.primeranota.cl\/web\/wp-json\/wp\/v2\/posts\/6874"}],"collection":[{"href":"http:\/\/www.primeranota.cl\/web\/wp-json\/wp\/v2\/posts"}],"about":[{"href":"http:\/\/www.primeranota.cl\/web\/wp-json\/wp\/v2\/types\/post"}],"author":[{"embeddable":true,"href":"http:\/\/www.primeranota.cl\/web\/wp-json\/wp\/v2\/users\/2"}],"replies":[{"embeddable":true,"href":"http:\/\/www.primeranota.cl\/web\/wp-json\/wp\/v2\/comments?post=6874"}],"version-history":[{"count":1,"href":"http:\/\/www.primeranota.cl\/web\/wp-json\/wp\/v2\/posts\/6874\/revisions"}],"predecessor-version":[{"id":6876,"href":"http:\/\/www.primeranota.cl\/web\/wp-json\/wp\/v2\/posts\/6874\/revisions\/6876"}],"wp:featuredmedia":[{"embeddable":true,"href":"http:\/\/www.primeranota.cl\/web\/wp-json\/wp\/v2\/media\/6875"}],"wp:attachment":[{"href":"http:\/\/www.primeranota.cl\/web\/wp-json\/wp\/v2\/media?parent=6874"}],"wp:term":[{"taxonomy":"category","embeddable":true,"href":"http:\/\/www.primeranota.cl\/web\/wp-json\/wp\/v2\/categories?post=6874"},{"taxonomy":"post_tag","embeddable":true,"href":"http:\/\/www.primeranota.cl\/web\/wp-json\/wp\/v2\/tags?post=6874"}],"curies":[{"name":"wp","href":"https:\/\/api.w.org\/{rel}","templated":true}]}}