{"id":6883,"date":"2019-04-09T07:46:34","date_gmt":"2019-04-09T11:46:34","guid":{"rendered":"http:\/\/www.primeranota.cl\/web\/?p=6883"},"modified":"2019-04-09T07:46:34","modified_gmt":"2019-04-09T11:46:34","slug":"designan-a-patricio-fernandez-como-superintendente-s-de-salud","status":"publish","type":"post","link":"http:\/\/www.primeranota.cl\/web\/pais\/designan-a-patricio-fernandez-como-superintendente-s-de-salud\/","title":{"rendered":"Designan a Patricio Fern\u00e1ndez como Superintendente (s) de salud"},"content":{"rendered":"<p>El jefe del Departamento de Administraci\u00f3n y Finanzas de la Superintendencia de Salud, Patricio Fern\u00e1ndez P\u00e9rez, fue designado como superintendente (s), luego de renuncia de Ignacio Garc\u00eda-Huidobro al cargo.<\/p>\n<p>Por medio de un comunicado, la repartici\u00f3n que abandon\u00f3 este lunes quien fuera objeto de cuestionamientos, a ra\u00edz del decreto que retrasaba la obligaci\u00f3n de las isapres a poner t\u00e9rmino al alza de planes por grupo etareo o de riesgo, destac\u00f3 que la ley establece que sea un funcionarios elegido por el sistema de selecci\u00f3n de Alta Direcci\u00f3n P\u00fablica, quien subrogue el puesto mientras se realiza un nuevo proceso.<\/p>\n<p>Fern\u00e1ndez es abogado de la Universidad Cat\u00f3lica de Temuco, tiene un mag\u00edster en gerencia p\u00fablica y candidato a mag\u00edster en salud p\u00fablica, y en su trayectoria destaca que fue jefe del departamento de asesor\u00eda jur\u00eddica, administrador municipal y director municipal del \u00e1rea de atenci\u00f3n primaria de la municipalidad de Angol.<\/p>\n<p>Luego se desempe\u00f1\u00f3 como asesor jur\u00eddico y subdirector de recursos humanos del Servicio de Salud Araucan\u00eda Norte, y en el Servicio de Salud Biob\u00edo fue subdirector de Recursos Humanos y jefe del Departamento Jur\u00eddico.<\/p>\n<p>Posteriormente, ejerci\u00f3 el cargo de jefe del departamento de gesti\u00f3n y desarrollo de las personas del ministerio de Salud, y el cargo de jefe de gabinete del subsecretario de Redes Asistenciales.<\/p>\n","protected":false},"excerpt":{"rendered":"<p>El jefe del Departamento de Administraci\u00f3n y Finanzas de la Superintendencia de Salud, Patricio Fern\u00e1ndez P\u00e9rez, fue designado como superintendente (s), luego de renuncia de&#8230;<\/p>\n","protected":false},"author":2,"featured_media":3662,"comment_status":"closed","ping_status":"open","sticky":false,"template":"","format":"standard","meta":{"footnotes":""},"categories":[4,267],"tags":[],"_links":{"self":[{"href":"http:\/\/www.primeranota.cl\/web\/wp-json\/wp\/v2\/posts\/6883"}],"collection":[{"href":"http:\/\/www.primeranota.cl\/web\/wp-json\/wp\/v2\/posts"}],"about":[{"href":"http:\/\/www.primeranota.cl\/web\/wp-json\/wp\/v2\/types\/post"}],"author":[{"embeddable":true,"href":"http:\/\/www.primeranota.cl\/web\/wp-json\/wp\/v2\/users\/2"}],"replies":[{"embeddable":true,"href":"http:\/\/www.primeranota.cl\/web\/wp-json\/wp\/v2\/comments?post=6883"}],"version-history":[{"count":1,"href":"http:\/\/www.primeranota.cl\/web\/wp-json\/wp\/v2\/posts\/6883\/revisions"}],"predecessor-version":[{"id":6884,"href":"http:\/\/www.primeranota.cl\/web\/wp-json\/wp\/v2\/posts\/6883\/revisions\/6884"}],"wp:featuredmedia":[{"embeddable":true,"href":"http:\/\/www.primeranota.cl\/web\/wp-json\/wp\/v2\/media\/3662"}],"wp:attachment":[{"href":"http:\/\/www.primeranota.cl\/web\/wp-json\/wp\/v2\/media?parent=6883"}],"wp:term":[{"taxonomy":"category","embeddable":true,"href":"http:\/\/www.primeranota.cl\/web\/wp-json\/wp\/v2\/categories?post=6883"},{"taxonomy":"post_tag","embeddable":true,"href":"http:\/\/www.primeranota.cl\/web\/wp-json\/wp\/v2\/tags?post=6883"}],"curies":[{"name":"wp","href":"https:\/\/api.w.org\/{rel}","templated":true}]}}