{"id":6890,"date":"2019-04-09T17:21:12","date_gmt":"2019-04-09T21:21:12","guid":{"rendered":"http:\/\/www.primeranota.cl\/web\/?p=6890"},"modified":"2019-04-09T17:29:05","modified_gmt":"2019-04-09T21:29:05","slug":"diputado-saffirio-presento-proyecto-que-mejorara-servicios-de-los-juzgados-de-policia-local","status":"publish","type":"post","link":"http:\/\/www.primeranota.cl\/web\/pais\/diputado-saffirio-presento-proyecto-que-mejorara-servicios-de-los-juzgados-de-policia-local\/","title":{"rendered":"Diputado Saffirio present\u00f3 proyecto que mejorara servicios de los Juzgados de Polic\u00eda Local"},"content":{"rendered":"<p>El diputado independiente Ren\u00e9 Saffirio present\u00f3 este martes un proyecto de ley para fortalecer la independencia de la funci\u00f3n jurisdiccional de los secretarios abogados de los Juzgados de Polic\u00eda Local, moci\u00f3n que viene a establecer la incompatibilidad de este cargo en dichos juzgados con cualquier empleo o comisi\u00f3n de la municipalidad donde desempe\u00f1en funciones.<\/p>\n<p>Actualmente los Secretarios Abogados no necesariamente ejercen labores \u00fanica y exclusivamente en el Juzgado, ya que pueden ser destinados por el alcalde a comisiones de servicios al interior del municipio, hasta por tres meses, constituy\u00e9ndose en una distracci\u00f3n innecesaria en las labores esenciales y permanentes que deben ejercer.<\/p>\n<p>\u201cEstas destinaciones o comisiones de servicio de las cuales son sujetos estos funcionarios, atentan contra la independencia de la judicatura, cuesti\u00f3n de m\u00e1xima relevancia, ya que es parte integrante de los principios que rigen a nuestro Estado de Derecho\u201d, explic\u00f3 Saffirio.<\/p>\n<p>A juicio del legislador, es \u201cdel todo necesario y coherente postular una mayor autonom\u00eda respecto del alcalde, estableciendo el mismo r\u00e9gimen correccional o de control que rige para el Juez\u201d.<\/p>\n<p>De esta manera, este proyecto de ley viene a resguardar la continuidad en el servicio judicial y velar para que \u00e9ste no se paralice o se vea afectado por tareas administrativas temporales, encomendadas adicionalmente a los secretarios abogados.<\/p>\n<p>\u201cLa plena dedicaci\u00f3n durante toda la jornada en el Juzgado en que estos Ministros de fe ejercen funciones, significar\u00e1 una mayor atenci\u00f3n a los requerimientos de los ciudadanos, mejorando de esta forma cada d\u00eda la justicia de Polic\u00eda Local\u201d, afirm\u00f3.<\/p>\n<p>PROYECTO DE LEY<\/p>\n<p>El proyecto de ley contiene el siguiente texto:<\/p>\n<p>ART\u00cdCULO \u00daNICO.- Introd\u00facense las siguientes modificaciones en el decreto N\u00b0 307 de 1978, que fij\u00f3 el texto refundido, coordinado y sistematizado de la ley N\u00b0 15.231, sobre Organizaci\u00f3n y Atribuciones de los Juzgados de Polic\u00eda Local:<br \/>\n1.- Sustit\u00fayase el inciso primero del art\u00edculo 5\u00b0, por el siguiente:<br \/>\n\u201cArt\u00edculo 5\u00b0.- Los cargos de Juez de Polic\u00eda Local y de Secretario Abogado de estos Juzgados, son incompatibles con cualquier empleo o comisi\u00f3n de la Municipalidad donde desempe\u00f1an sus funciones y con el de Juez de otra comuna.\u201d.<br \/>\n2.- Sustit\u00fayase en el art\u00edculo 8\u00b0 la frase \u201cLos Jueces de Polic\u00eda Local\u201d, las dos veces que aparece por la expresi\u00f3n \u201cEl Juez y el Secretario Abogado\u201d.<\/p>\n","protected":false},"excerpt":{"rendered":"<p>El diputado independiente Ren\u00e9 Saffirio present\u00f3 este martes un proyecto de ley para fortalecer la independencia de la funci\u00f3n jurisdiccional de los secretarios abogados de&#8230;<\/p>\n","protected":false},"author":2,"featured_media":5291,"comment_status":"closed","ping_status":"open","sticky":false,"template":"","format":"standard","meta":{"footnotes":""},"categories":[4,267],"tags":[],"_links":{"self":[{"href":"http:\/\/www.primeranota.cl\/web\/wp-json\/wp\/v2\/posts\/6890"}],"collection":[{"href":"http:\/\/www.primeranota.cl\/web\/wp-json\/wp\/v2\/posts"}],"about":[{"href":"http:\/\/www.primeranota.cl\/web\/wp-json\/wp\/v2\/types\/post"}],"author":[{"embeddable":true,"href":"http:\/\/www.primeranota.cl\/web\/wp-json\/wp\/v2\/users\/2"}],"replies":[{"embeddable":true,"href":"http:\/\/www.primeranota.cl\/web\/wp-json\/wp\/v2\/comments?post=6890"}],"version-history":[{"count":3,"href":"http:\/\/www.primeranota.cl\/web\/wp-json\/wp\/v2\/posts\/6890\/revisions"}],"predecessor-version":[{"id":6894,"href":"http:\/\/www.primeranota.cl\/web\/wp-json\/wp\/v2\/posts\/6890\/revisions\/6894"}],"wp:featuredmedia":[{"embeddable":true,"href":"http:\/\/www.primeranota.cl\/web\/wp-json\/wp\/v2\/media\/5291"}],"wp:attachment":[{"href":"http:\/\/www.primeranota.cl\/web\/wp-json\/wp\/v2\/media?parent=6890"}],"wp:term":[{"taxonomy":"category","embeddable":true,"href":"http:\/\/www.primeranota.cl\/web\/wp-json\/wp\/v2\/categories?post=6890"},{"taxonomy":"post_tag","embeddable":true,"href":"http:\/\/www.primeranota.cl\/web\/wp-json\/wp\/v2\/tags?post=6890"}],"curies":[{"name":"wp","href":"https:\/\/api.w.org\/{rel}","templated":true}]}}