{"id":6948,"date":"2019-04-12T07:25:23","date_gmt":"2019-04-12T11:25:23","guid":{"rendered":"http:\/\/www.primeranota.cl\/web\/?p=6948"},"modified":"2019-04-12T07:25:23","modified_gmt":"2019-04-12T11:25:23","slug":"defensa-de-orpis-desde-el-dia-uno-tenemos-la-certeza-de-que-sera-condenado","status":"publish","type":"post","link":"http:\/\/www.primeranota.cl\/web\/pais\/defensa-de-orpis-desde-el-dia-uno-tenemos-la-certeza-de-que-sera-condenado\/","title":{"rendered":"Defensa de Orpis: Desde el d\u00eda uno tenemos la certeza de que ser\u00e1 condenado"},"content":{"rendered":"<p>El abogado de ex senador UDI Jaime Orpis, Sergio Rodr\u00edguez, reconoci\u00f3 que hay certeza en la defensa de que el ex parlamentario ser\u00e1 condenado en el juicio por el caso Corpesca.<\/p>\n<p>El jurista manifest\u00f3 que como &#8220;defensa no estamos buscando la absoluci\u00f3n completa del ex senador (&#8230;) La defensa desde el d\u00eda uno tiene certeza de que al acusado lo van a condenar&#8221;, asegur\u00f3 a La Segunda.<\/p>\n<p>Frente a ello, han &#8220;solicitado absoluci\u00f3n en el delito tributario y solicitamos de los siete cap\u00edtulos de fraude al fisco que en dos se le absuelva y el quinto que se les recalifique la conducta a malversaci\u00f3n de caudales p\u00fablicos con reintegro&#8221;, explic\u00f3.<\/p>\n<p>En concreto, la defensa del ex parlamentario busca, considerando su irreprochable conducta anterior, que \u00e9l admita que malvers\u00f3 fondos y que los restituy\u00f3, saldando adem\u00e1s sus deudas con el Servicio de Impuestos Internos (SII), siendo clave para ello el reconocer los hechos y, al mismo tiempo, negar que haya &#8220;vendido&#8221; su voto para la aprobaci\u00f3n de la Ley de Pesca y que se haya enriquecido.<\/p>\n<p>Si esto tiene \u00e9xito, los fraudes o parte de ellos podr\u00edan ser recalificados como malversaci\u00f3n, junto con desaparecer el cohecho y de los delitos tributarios.<\/p>\n<p>En caso que Orpis efectivamente sea condenado por fraudes y por malversaci\u00f3n, el abogado Rodr\u00edguez indic\u00f3 al vespertino que esperan que se le otorgue &#8220;remisi\u00f3n condicional o una libertad vigilada&#8221; al ex parlamentario.<\/p>\n<p>En el peor de los escenarios, seg\u00fan la defensa, es que el ex senador sea condenado a m\u00e1s de 12 a\u00f1os de c\u00e1rcel por delitos reiterados de fraude al Fisco, tres a\u00f1os y un d\u00eda por delitos tributarios con facilitaci\u00f3n de boletas y seis a\u00f1os por delitos reiterados de cohecho.<\/p>\n<p>Cabe recordar que, durante su declaraci\u00f3n en el juicio, Orpis se vio obligado a admitir que todas las boletas emitidas a la pesquera por sus asesores -exhibidas ante el tribunal- fueron falsas, adem\u00e1s de desestimar las acusaciones y sostener que ninguna empresa lo &#8220;compr\u00f3&#8221;, negando haber efectuado favores pol\u00edticos.<\/p>\n","protected":false},"excerpt":{"rendered":"<p>El abogado de ex senador UDI Jaime Orpis, Sergio Rodr\u00edguez, reconoci\u00f3 que hay certeza en la defensa de que el ex parlamentario ser\u00e1 condenado en&#8230;<\/p>\n","protected":false},"author":2,"featured_media":6596,"comment_status":"closed","ping_status":"open","sticky":false,"template":"","format":"standard","meta":{"footnotes":""},"categories":[4,267],"tags":[],"_links":{"self":[{"href":"http:\/\/www.primeranota.cl\/web\/wp-json\/wp\/v2\/posts\/6948"}],"collection":[{"href":"http:\/\/www.primeranota.cl\/web\/wp-json\/wp\/v2\/posts"}],"about":[{"href":"http:\/\/www.primeranota.cl\/web\/wp-json\/wp\/v2\/types\/post"}],"author":[{"embeddable":true,"href":"http:\/\/www.primeranota.cl\/web\/wp-json\/wp\/v2\/users\/2"}],"replies":[{"embeddable":true,"href":"http:\/\/www.primeranota.cl\/web\/wp-json\/wp\/v2\/comments?post=6948"}],"version-history":[{"count":1,"href":"http:\/\/www.primeranota.cl\/web\/wp-json\/wp\/v2\/posts\/6948\/revisions"}],"predecessor-version":[{"id":6949,"href":"http:\/\/www.primeranota.cl\/web\/wp-json\/wp\/v2\/posts\/6948\/revisions\/6949"}],"wp:featuredmedia":[{"embeddable":true,"href":"http:\/\/www.primeranota.cl\/web\/wp-json\/wp\/v2\/media\/6596"}],"wp:attachment":[{"href":"http:\/\/www.primeranota.cl\/web\/wp-json\/wp\/v2\/media?parent=6948"}],"wp:term":[{"taxonomy":"category","embeddable":true,"href":"http:\/\/www.primeranota.cl\/web\/wp-json\/wp\/v2\/categories?post=6948"},{"taxonomy":"post_tag","embeddable":true,"href":"http:\/\/www.primeranota.cl\/web\/wp-json\/wp\/v2\/tags?post=6948"}],"curies":[{"name":"wp","href":"https:\/\/api.w.org\/{rel}","templated":true}]}}