{"id":6978,"date":"2019-04-13T08:20:58","date_gmt":"2019-04-13T12:20:58","guid":{"rendered":"http:\/\/www.primeranota.cl\/web\/?p=6978"},"modified":"2019-04-13T08:20:58","modified_gmt":"2019-04-13T12:20:58","slug":"ivan-flores-por-polemico-viaje-al-vaticano-se-ha-hecho-una-tempestad-en-un-vaso-de-agua","status":"publish","type":"post","link":"http:\/\/www.primeranota.cl\/web\/pais\/ivan-flores-por-polemico-viaje-al-vaticano-se-ha-hecho-una-tempestad-en-un-vaso-de-agua\/","title":{"rendered":"Iv\u00e1n Flores por pol\u00e9mico viaje al Vaticano: &#8220;Se ha hecho una tempestad en un vaso de agua&#8221;"},"content":{"rendered":"<p>El presidente de la C\u00e1mara de Diputados, Iv\u00e1n Flores (DC), admiti\u00f3 en Cooperativa que hubo &#8220;desprolijidad&#8221; de su parte en el pol\u00e9mico viaje que realiz\u00f3 al Vaticano, luego de no avisar que har\u00eda una parada extraoficial para ir a visitar al papa Francisco.<\/p>\n<p>En conversaci\u00f3n desde Roma con Lo Que Queda del D\u00eda, el diputado insisti\u00f3 en que no va a renunciar porque no ve &#8220;motivo alguno, desde el punto de vista reglamentario, para que eso tenga justificaci\u00f3n&#8221;.<\/p>\n<p>El parlamentario sali\u00f3 del pa\u00eds para asistir a la Asamblea de la Uni\u00f3n Interparlamentaria y sus reuniones conexas en Doha, Qatar, que se celebra desde el 4 al 13 de abril, pero el 11 de abril comparti\u00f3 una imagen en sus redes sociales que lo muestra junto al papa Francisco en el Vaticano.<\/p>\n<p>Frente a los cuestionamientos sobre su viaje al Vaticano, Flores sostuvo que &#8220;se ha hecho una tempestad en un vaso de agua por cuanto, y lo voy a decir con mucha claridad, el impasse corresponde exclusivamente a un error administrativo o, califiqu\u00e9moslo de esta manera, a una desprolijidad administrativa que alguien, incluy\u00e9ndome, pudimos haber cometido&#8221;.<\/p>\n<p>El diputado explic\u00f3 que &#8220;cuando uno sale al exterior, sale siempre con un permiso constitucional de 30 d\u00edas, independiente si uno va uno o tres d\u00eda (&#8230;) Yo estuve en Qatar tal como fue planificado el 5 (de abril) en el grupo parlamentario de Am\u00e9rica Latina y el Caribe (Grulac), 6, 7, 8, 9 y 10 de abril. La misi\u00f3n terminaba el 10. Por lo tanto, estaba todo cubierto&#8221;.<\/p>\n<p>&#8220;Lo \u00fanico que cambi\u00f3 es que el d\u00eda 6 o 7, porque fue el fin de semana, me avisan desde Relaciones Internacionales de la C\u00e1mara y luego se confirma el lunes desde la Embajada en el Vaticano y desde la Embajada en Italia que las audiencias que hab\u00edamos solicitado con anticipaci\u00f3n, antes de salir hacia Qatar, hab\u00edan sido confirmadas&#8221;, a\u00f1adi\u00f3.<\/p>\n<p>Sin embargo, seg\u00fan Flores, &#8220;la desprolijidad ocurre exclusivamente porque en vez de salir a las 16:00 horas del mi\u00e9rcoles 10 de abril, yo sal\u00ed de madrugada para alcanzar a llegar a Roma y lo que debi\u00f3 haberse hecho, y no es m\u00e1s que eso porque as\u00ed lo dicta el reglamento, es que cualquier parlamentario que est\u00e1 con una misi\u00f3n oficial puede modificar su estad\u00eda por motivos justificados con un correo electr\u00f3nico o, incluso, se oficializ\u00f3 el WhatsApp&#8221;.<\/p>\n<p>&#8220;Y en este caso, entonces, yo estim\u00e9 que todo el tr\u00e1mite se hab\u00eda estado haciendo a trav\u00e9s de la Oficina de Relaciones Internacionales, desde all\u00ed pod\u00edan haber avisado a la Secretar\u00eda General o desde el gabinete de la presidencia de la C\u00e1mara tambi\u00e9n pod\u00edan haber avisado, tambi\u00e9n lo pude haber hecho yo. Como digo, una desprolijidad, no es m\u00e1s que eso, la pega en Qatar se hizo completa&#8221;, recalc\u00f3.<\/p>\n<p>Sobre la cita con el papa, detall\u00f3 que se le dio &#8220;un espacio para poder conversar con el papa al t\u00e9rmino de una audiencia p\u00fablica y de una misa&#8221;, un encuentro de unos minutos donde se pudo plantearle &#8220;la preocupaci\u00f3n que tenemos muchos chilenos respecto de lo que est\u00e1 pasando con la Iglesia chilena&#8221; por los casos de abusos sexuales.<\/p>\n<p>&#8220;Aqu\u00ed hay un tema en contra de la Democracia Cristiana&#8221;<\/p>\n<p>Ante las peticiones de renuncia por lo ocurrido, lo que se suma a las fuertes tensiones de oposici\u00f3n con la DC por la posici\u00f3n del partido frente a la reforma tributaria del Gobierno, Flores acus\u00f3 que &#8220;aqu\u00ed hay un tema en contra de la Democracia Cristiana&#8221;.<\/p>\n<p>&#8220;Y algunos actores que somos parte de la DC en el Parlamento estamos siendo cuestionados&#8221;, manifest\u00f3.<\/p>\n<p>El diputado coment\u00f3 que &#8220;se cuestion\u00f3 la participaci\u00f3n de los dos DC que est\u00e1n en la Comisi\u00f3n de Hacienda (Jos\u00e9 Miguel Ortiz y Pablo Lorenzini) por haber votado la idea de legislar la reforma tributaria, se ha anunciado que las cosas est\u00e1n tan tensas al interior de la C\u00e1mara que puede significar un quiebre de la oposici\u00f3n, etc\u00e9tera&#8221;.<\/p>\n<p>&#8220;Esto es parte del contexto, por eso he insistido en que la pol\u00e9mica que est\u00e1 respecto de estos tres d\u00edas en Italia tiene que ver exclusivamente con eso, independiente de que haya habido este impasse administrativo que es recontra simple de resolver&#8221;, asever\u00f3.<\/p>\n<p>\u00bfPor qu\u00e9 sigue en Roma?<\/p>\n<p>Consultado sobre por qu\u00e9 permanece a\u00fan en Roma, Flores dijo a Cooperativa que ha tenido reuniones con la Embajada chilena en Italia porque &#8220;hay un problema, y entre otras cosas que convers\u00e9 con el embajador (Sergio) Romero y me reun\u00ed dos veces, hay un problema con 300 ni\u00f1os chilenos, con apellidos y nombres chilenos, que fueron adoptados y luego cambiados el nombre al italiano y tienen un problema de identidad&#8221;.<\/p>\n<p>Se\u00f1al\u00f3 que estuvo viendo con el embajador un proyecto, que traer\u00e1 a Chile para discutirlo con sus pares, para solucionar la situaci\u00f3n de estos ni\u00f1os.<\/p>\n","protected":false},"excerpt":{"rendered":"<p>El presidente de la C\u00e1mara de Diputados, Iv\u00e1n Flores (DC), admiti\u00f3 en Cooperativa que hubo &#8220;desprolijidad&#8221; de su parte en el pol\u00e9mico viaje que realiz\u00f3&#8230;<\/p>\n","protected":false},"author":2,"featured_media":6470,"comment_status":"closed","ping_status":"open","sticky":false,"template":"","format":"standard","meta":{"footnotes":""},"categories":[4,267],"tags":[],"_links":{"self":[{"href":"http:\/\/www.primeranota.cl\/web\/wp-json\/wp\/v2\/posts\/6978"}],"collection":[{"href":"http:\/\/www.primeranota.cl\/web\/wp-json\/wp\/v2\/posts"}],"about":[{"href":"http:\/\/www.primeranota.cl\/web\/wp-json\/wp\/v2\/types\/post"}],"author":[{"embeddable":true,"href":"http:\/\/www.primeranota.cl\/web\/wp-json\/wp\/v2\/users\/2"}],"replies":[{"embeddable":true,"href":"http:\/\/www.primeranota.cl\/web\/wp-json\/wp\/v2\/comments?post=6978"}],"version-history":[{"count":1,"href":"http:\/\/www.primeranota.cl\/web\/wp-json\/wp\/v2\/posts\/6978\/revisions"}],"predecessor-version":[{"id":6979,"href":"http:\/\/www.primeranota.cl\/web\/wp-json\/wp\/v2\/posts\/6978\/revisions\/6979"}],"wp:featuredmedia":[{"embeddable":true,"href":"http:\/\/www.primeranota.cl\/web\/wp-json\/wp\/v2\/media\/6470"}],"wp:attachment":[{"href":"http:\/\/www.primeranota.cl\/web\/wp-json\/wp\/v2\/media?parent=6978"}],"wp:term":[{"taxonomy":"category","embeddable":true,"href":"http:\/\/www.primeranota.cl\/web\/wp-json\/wp\/v2\/categories?post=6978"},{"taxonomy":"post_tag","embeddable":true,"href":"http:\/\/www.primeranota.cl\/web\/wp-json\/wp\/v2\/tags?post=6978"}],"curies":[{"name":"wp","href":"https:\/\/api.w.org\/{rel}","templated":true}]}}