{"id":6980,"date":"2019-04-13T08:26:06","date_gmt":"2019-04-13T12:26:06","guid":{"rendered":"http:\/\/www.primeranota.cl\/web\/?p=6980"},"modified":"2019-04-13T08:26:06","modified_gmt":"2019-04-13T12:26:06","slug":"corte-ordena-a-periodico-chileno-rectificar-la-informacion-falsa-que-publico-en-1973","status":"publish","type":"post","link":"http:\/\/www.primeranota.cl\/web\/pais\/corte-ordena-a-periodico-chileno-rectificar-la-informacion-falsa-que-publico-en-1973\/","title":{"rendered":"Corte ordena a peri\u00f3dico chileno rectificar la informaci\u00f3n falsa que public\u00f3 en 1973"},"content":{"rendered":"<p>En fallo un\u00e1nime la Corte de Apelaciones de Santiago decide acoger el recurso de protecci\u00f3n y orden\u00f3 al diario La Tercera que ofrezca disculpas y rectifique la informaci\u00f3n falsa que publicara el 2 de octubre de 1973, ocasi\u00f3n en que vincul\u00f3 la muerte de Jorge Oyarz\u00fan Escobar y Juan Escobar Camus al ataque a una poblaci\u00f3n militar.<\/p>\n<p>La Primera Sala acogi\u00f3 la acci\u00f3n presentada por Paola Oyarz\u00fan Escobar, hija y sobrina de los hombres asesinados en la dictadura civil-militar que lideraba Augusto Pinochet. En octubre de 2018 la Corte Suprema ratific\u00f3 el fallo del ministro Hern\u00e1n Crisosto, quien estableci\u00f3 que ambos fueron v\u00edctimas de un crimen de lesa humanidad.<\/p>\n<p>La resoluci\u00f3n establece que Copesa S.A. debe &#8220;publicar la rectificaci\u00f3n que le fue requerida por comunicaci\u00f3n de 24 de octubre de 2018, acompa\u00f1ada al recurso, en los t\u00e9rminos que le fue solicitada; esto es, con p\u00fablica disculpa y en el mismo tenor de la publicaci\u00f3n de 1973, con la misma extensi\u00f3n y visibilidad con la que fue publicada&#8221;.<\/p>\n<p>En el argumento la Corte determina que &#8220;se ha afectado la integridad s\u00edquica de la actora al no restablecer el imperio del derecho, constituido por el esclarecimiento p\u00fablico de los hechos criminales perpetrados en las personas de las dos v\u00edctimas de delitos de lesa humanidad que fundaron su libelo; por afectar gravemente adem\u00e1s el derecho a la honra personal y de la familia de las v\u00edctimas; y el derecho a la rectificaci\u00f3n&#8221;.<\/p>\n","protected":false},"excerpt":{"rendered":"<p>En fallo un\u00e1nime la Corte de Apelaciones de Santiago decide acoger el recurso de protecci\u00f3n y orden\u00f3 al diario La Tercera que ofrezca disculpas y&#8230;<\/p>\n","protected":false},"author":2,"featured_media":6981,"comment_status":"closed","ping_status":"open","sticky":false,"template":"","format":"standard","meta":{"footnotes":""},"categories":[4,267],"tags":[],"_links":{"self":[{"href":"http:\/\/www.primeranota.cl\/web\/wp-json\/wp\/v2\/posts\/6980"}],"collection":[{"href":"http:\/\/www.primeranota.cl\/web\/wp-json\/wp\/v2\/posts"}],"about":[{"href":"http:\/\/www.primeranota.cl\/web\/wp-json\/wp\/v2\/types\/post"}],"author":[{"embeddable":true,"href":"http:\/\/www.primeranota.cl\/web\/wp-json\/wp\/v2\/users\/2"}],"replies":[{"embeddable":true,"href":"http:\/\/www.primeranota.cl\/web\/wp-json\/wp\/v2\/comments?post=6980"}],"version-history":[{"count":1,"href":"http:\/\/www.primeranota.cl\/web\/wp-json\/wp\/v2\/posts\/6980\/revisions"}],"predecessor-version":[{"id":6982,"href":"http:\/\/www.primeranota.cl\/web\/wp-json\/wp\/v2\/posts\/6980\/revisions\/6982"}],"wp:featuredmedia":[{"embeddable":true,"href":"http:\/\/www.primeranota.cl\/web\/wp-json\/wp\/v2\/media\/6981"}],"wp:attachment":[{"href":"http:\/\/www.primeranota.cl\/web\/wp-json\/wp\/v2\/media?parent=6980"}],"wp:term":[{"taxonomy":"category","embeddable":true,"href":"http:\/\/www.primeranota.cl\/web\/wp-json\/wp\/v2\/categories?post=6980"},{"taxonomy":"post_tag","embeddable":true,"href":"http:\/\/www.primeranota.cl\/web\/wp-json\/wp\/v2\/tags?post=6980"}],"curies":[{"name":"wp","href":"https:\/\/api.w.org\/{rel}","templated":true}]}}