{"id":7015,"date":"2019-04-15T17:18:58","date_gmt":"2019-04-15T21:18:58","guid":{"rendered":"http:\/\/www.primeranota.cl\/web\/?p=7015"},"modified":"2019-04-15T17:18:58","modified_gmt":"2019-04-15T21:18:58","slug":"quintana-destaco-ley-que-establece-la-obligacion-de-disponer-desfibriladores-en-determinados-establecimientos-y-recintos","status":"publish","type":"post","link":"http:\/\/www.primeranota.cl\/web\/pais\/quintana-destaco-ley-que-establece-la-obligacion-de-disponer-desfibriladores-en-determinados-establecimientos-y-recintos\/","title":{"rendered":"Quintana destac\u00f3 ley que establece la obligaci\u00f3n de disponer desfibriladores en determinados establecimientos y recintos"},"content":{"rendered":"<p>En condiciones de ser promulgada como ley de la Rep\u00fablica qued\u00f3 el proyecto de ley que establece la obligaci\u00f3n de disponer de desfibriladores externos autom\u00e1ticos port\u00e1tiles en establecimientos y recintos de alta concurrencia de p\u00fablico; como centros comerciales, terminales de buses o ferroviarios, metros, estadios, puertos, aeropuertos, recintos deportivos, establecimientos educacionales, casinos de juegos, hoteles, centros de eventos, ferias, centros de atenci\u00f3n de salud, cines y teatros.<\/p>\n<p>En ese sentido, el parlamentario de La Araucan\u00eda y presidente del Senado, Jaime Quintana, celebr\u00f3 la aprobaci\u00f3n en Sala y pronta promulgaci\u00f3n, manifestando que \u201csin duda esto es un gran avance en materia de prevenci\u00f3n de salud. El poder contar con estos sistemas en diversos espacios p\u00fablicos de gran afluencia de personas, podr\u00eda evitar un 70% de muertes en las personas que sufren un infarto cardiovascular\u201d.<\/p>\n<p>Debidamente se\u00f1alizados<\/p>\n<p>La ubicaci\u00f3n de estos desfibriladores deber\u00e1 estar debidamente se\u00f1alizada y su acceso deber\u00e1 ser expedito y libre de obst\u00e1culos para su uso cuando sea requerido.<\/p>\n<p>El proyecto define que un reglamento, que deber\u00e1 ser dictado dentro de los seis meses siguientes a la fecha de entrada en vigencia de esta ley, establecer\u00e1 las caracter\u00edsticas de los equipos y deber\u00e1 contemplar las normas respecto de la ubicaci\u00f3n, gabinetes y otros elementos que aseguren el r\u00e1pido y p\u00fablico acceso de estos instrumentos, adem\u00e1s de las orientaciones para el uso de estos dispositivos.<\/p>\n<p>Desaf\u00edos<\/p>\n<p>Por otra parte, Quintana lament\u00f3 que las enfermedades card\u00edacas sean la mayor casusa de muerte en Chile, y explic\u00f3 que \u201cen ese sentido apunta esta ley. Estamos preocupados de este tema. Las enfermedades card\u00edacas son un desaf\u00edo muy grande que adem\u00e1s de ser la primera causa de muerte, llevan asociados temas como el sobrepeso, hipertensi\u00f3n, diabetes, etc.\u201d, dijo el parlamentario de La Araucan\u00eda.<\/p>\n<p>El tema cobra importancia en los \u00faltimos d\u00edas debido al fallecimiento de una persona de 51 a\u00f1os que participaba de la Marat\u00f3n de Santiago, quien luego de sufrir un ataque card\u00edaco fue atendido por una ambulancia que no contaba con desfibrilador. <\/p>\n<p>Finalmente, el presidente del Senado, Jaime Quintana, enfatiz\u00f3 en la relevancia cumplir con esta nueva ley que, a su juicio, \u201csin duda podr\u00e1 salvar miles de vidas\u201d.<\/p>\n","protected":false},"excerpt":{"rendered":"<p>En condiciones de ser promulgada como ley de la Rep\u00fablica qued\u00f3 el proyecto de ley que establece la obligaci\u00f3n de disponer de desfibriladores externos autom\u00e1ticos&#8230;<\/p>\n","protected":false},"author":2,"featured_media":2386,"comment_status":"closed","ping_status":"open","sticky":false,"template":"","format":"standard","meta":{"footnotes":""},"categories":[4,267],"tags":[],"_links":{"self":[{"href":"http:\/\/www.primeranota.cl\/web\/wp-json\/wp\/v2\/posts\/7015"}],"collection":[{"href":"http:\/\/www.primeranota.cl\/web\/wp-json\/wp\/v2\/posts"}],"about":[{"href":"http:\/\/www.primeranota.cl\/web\/wp-json\/wp\/v2\/types\/post"}],"author":[{"embeddable":true,"href":"http:\/\/www.primeranota.cl\/web\/wp-json\/wp\/v2\/users\/2"}],"replies":[{"embeddable":true,"href":"http:\/\/www.primeranota.cl\/web\/wp-json\/wp\/v2\/comments?post=7015"}],"version-history":[{"count":1,"href":"http:\/\/www.primeranota.cl\/web\/wp-json\/wp\/v2\/posts\/7015\/revisions"}],"predecessor-version":[{"id":7016,"href":"http:\/\/www.primeranota.cl\/web\/wp-json\/wp\/v2\/posts\/7015\/revisions\/7016"}],"wp:featuredmedia":[{"embeddable":true,"href":"http:\/\/www.primeranota.cl\/web\/wp-json\/wp\/v2\/media\/2386"}],"wp:attachment":[{"href":"http:\/\/www.primeranota.cl\/web\/wp-json\/wp\/v2\/media?parent=7015"}],"wp:term":[{"taxonomy":"category","embeddable":true,"href":"http:\/\/www.primeranota.cl\/web\/wp-json\/wp\/v2\/categories?post=7015"},{"taxonomy":"post_tag","embeddable":true,"href":"http:\/\/www.primeranota.cl\/web\/wp-json\/wp\/v2\/tags?post=7015"}],"curies":[{"name":"wp","href":"https:\/\/api.w.org\/{rel}","templated":true}]}}