{"id":7042,"date":"2019-04-17T07:49:58","date_gmt":"2019-04-17T11:49:58","guid":{"rendered":"http:\/\/www.primeranota.cl\/web\/?p=7042"},"modified":"2019-04-17T07:49:58","modified_gmt":"2019-04-17T11:49:58","slug":"fiscal-guzman-presentara-este-miercoles-su-renuncia-al-ministerio-publico","status":"publish","type":"post","link":"http:\/\/www.primeranota.cl\/web\/pais\/fiscal-guzman-presentara-este-miercoles-su-renuncia-al-ministerio-publico\/","title":{"rendered":"Fiscal Guzm\u00e1n presentar\u00e1 este mi\u00e9rcoles su renuncia al Ministerio P\u00fablico"},"content":{"rendered":"<p>El Fiscal jefe Metropolitano Sur, Ra\u00fal Guzm\u00e1n, confirm\u00f3 que este mi\u00e9rcoles presentar\u00e1 su renuncia al Ministerio P\u00fablico luego de que el Senado lo ratificara como su secretario general.<\/p>\n<p>&#8220;Particip\u00e9 en un concurso p\u00fablico. Hoy d\u00eda se ha producido la ratificaci\u00f3n de mi nombre por la Sala del Senado, en ese contexto el d\u00eda de ma\u00f1ana (mi\u00e9rcoles) voy a presentar la renuncia al Ministerio P\u00fablico y sin duda en el m\u00e1s breve plazo asumir\u00e9 el cargo&#8221;, dijo Guzm\u00e1n cuyo cargo en la Fiscal\u00eda concluye en junio pr\u00f3ximo.<\/p>\n<p>Guzm\u00e1n detall\u00f3 que el Poder Judicial nomin\u00f3 este mismo martes la terna de la cual saldr\u00e1 su reemplazante, la que est\u00e1 conformada por Tufit Bufadel, H\u00e9ctor Barros y Marcos Past\u00e9n.<\/p>\n<p>&#8220;La terna de nombres de abogados que van a asumir la direcci\u00f3n de la fiscal\u00eda regional fue elaborada hoy por los plenos de las Cortes de Apelaciones de Santiago y San Miguel&#8221;, confirm\u00f3.<\/p>\n<p>&#8220;Una vez que quede ejecutoriada la resoluci\u00f3n, el fiscal nacional tiene 10 d\u00edas para hacer la designaci\u00f3n conforme a los antecedentes y ese sentido, quien asuma la direcci\u00f3n de la fiscal\u00eda regional va a asumir tambi\u00e9n la direcci\u00f3n de todas las investigaciones&#8221;, recalc\u00f3 el todav\u00eda fiscal regional Metropolitano Sur.<\/p>\n<p>&#8220;Nadie sobra de quienes est\u00e1n trabajando en el Senado&#8221;<\/p>\n<p>Por otro lado, Ra\u00fal Guzm\u00e1n se refiri\u00f3 a las cr\u00edticas que han manifestado los funcionarios de la secretar\u00eda del Senado a su llegada al cargo y asegur\u00f3 que su objetivo es trabajar en conjunto con ellos.<\/p>\n<p>&#8220;El proceso de trabajo, el proyecto que present\u00e9 al Senado, contempla el trabajo o la reestructuraci\u00f3n en tres \u00e1reas. Primero, en cuanto a la estructura propia del servicio del Senado, en el sentido de establecer \u00e1reas estrat\u00e9gicas de la gesti\u00f3n por \u00e1rea de soporte&#8221;, coment\u00f3.<\/p>\n<p>&#8220;En segundo lugar, la gesti\u00f3n de personas, que son precisamente los profesionales y funcionarios que laboran en el Senado, y en tercer lugar la gesti\u00f3n legislativa&#8221;, resalt\u00f3.<\/p>\n<p>Guzm\u00e1n plante\u00f3 que &#8220;desde el punto de vista de la gesti\u00f3n de personas sin dudas hay que hacer un diagn\u00f3stico, hay que determinar las necesidades de recursos humanos que existen en el servicio del Senado, las cargas de trabajo de cada uno de ellos y por supuesto que si hay alg\u00fan grado de resistencia eso tambi\u00e9n trabajarlo en conjunto, todos, en ese sentido nadie sobra de las personas que est\u00e1n trabajando en el Senado y lo importante es que vamos a sumir un trabajo en equipo y en conjunto y esa ser\u00e1 mi labor&#8221;.<\/p>\n","protected":false},"excerpt":{"rendered":"<p>El Fiscal jefe Metropolitano Sur, Ra\u00fal Guzm\u00e1n, confirm\u00f3 que este mi\u00e9rcoles presentar\u00e1 su renuncia al Ministerio P\u00fablico luego de que el Senado lo ratificara como&#8230;<\/p>\n","protected":false},"author":2,"featured_media":7043,"comment_status":"closed","ping_status":"open","sticky":false,"template":"","format":"standard","meta":{"footnotes":""},"categories":[4,267],"tags":[],"_links":{"self":[{"href":"http:\/\/www.primeranota.cl\/web\/wp-json\/wp\/v2\/posts\/7042"}],"collection":[{"href":"http:\/\/www.primeranota.cl\/web\/wp-json\/wp\/v2\/posts"}],"about":[{"href":"http:\/\/www.primeranota.cl\/web\/wp-json\/wp\/v2\/types\/post"}],"author":[{"embeddable":true,"href":"http:\/\/www.primeranota.cl\/web\/wp-json\/wp\/v2\/users\/2"}],"replies":[{"embeddable":true,"href":"http:\/\/www.primeranota.cl\/web\/wp-json\/wp\/v2\/comments?post=7042"}],"version-history":[{"count":1,"href":"http:\/\/www.primeranota.cl\/web\/wp-json\/wp\/v2\/posts\/7042\/revisions"}],"predecessor-version":[{"id":7044,"href":"http:\/\/www.primeranota.cl\/web\/wp-json\/wp\/v2\/posts\/7042\/revisions\/7044"}],"wp:featuredmedia":[{"embeddable":true,"href":"http:\/\/www.primeranota.cl\/web\/wp-json\/wp\/v2\/media\/7043"}],"wp:attachment":[{"href":"http:\/\/www.primeranota.cl\/web\/wp-json\/wp\/v2\/media?parent=7042"}],"wp:term":[{"taxonomy":"category","embeddable":true,"href":"http:\/\/www.primeranota.cl\/web\/wp-json\/wp\/v2\/categories?post=7042"},{"taxonomy":"post_tag","embeddable":true,"href":"http:\/\/www.primeranota.cl\/web\/wp-json\/wp\/v2\/tags?post=7042"}],"curies":[{"name":"wp","href":"https:\/\/api.w.org\/{rel}","templated":true}]}}