{"id":7077,"date":"2019-04-17T16:31:23","date_gmt":"2019-04-17T20:31:23","guid":{"rendered":"http:\/\/www.primeranota.cl\/web\/?p=7077"},"modified":"2019-04-17T16:31:23","modified_gmt":"2019-04-17T20:31:23","slug":"seremi-de-gobierno-y-recambio-de-medidores-voluntario-%c2%a8se-escucho-a-la-ciudadania","status":"publish","type":"post","link":"http:\/\/www.primeranota.cl\/web\/pais\/seremi-de-gobierno-y-recambio-de-medidores-voluntario-%c2%a8se-escucho-a-la-ciudadania\/","title":{"rendered":"Seremi de Gobierno y recambio de medidores voluntario: \u00a8se escuch\u00f3 a la ciudadan\u00eda&#8221;"},"content":{"rendered":"<p>La seremi de Gobierno P\u00eda Bersezio valor\u00f3 el anuncio que permitir\u00e1 que el recambio de los medidores sea voluntario, as\u00ed lo anunci\u00f3 la propia ministra de Energ\u00eda, Susana Jim\u00e9nez, quien adem\u00e1s inform\u00f3 que se enviar\u00e1 al Congreso una ley corta que revisar\u00e1 la rentabilidad de la distribuci\u00f3n el\u00e9ctrica.<\/p>\n<p>\u201cEl gobierno del Presidente Pi\u00f1era quiere ser parte de la soluci\u00f3n y es en ese sentido que escuch\u00f3 a la ciudadan\u00eda y tambi\u00e9n las solicitudes de los parlamentarios de Chile Vamos para que el recambio de los medidores sea voluntario para las personas. Esto se realizar\u00e1 a trav\u00e9s de una modificaci\u00f3n de la norma t\u00e9cnica de calidad de servicio en la cual se va a establecer la voluntariedad de los hogares para el recambio\u201d. Se\u00f1al\u00f3 la vocera de Gobierno, P\u00eda Bersezio.<\/p>\n<p>La autoridad agreg\u00f3 que \u201ccon esto queremos dar garant\u00edas  de que la energ\u00eda sea accesible al proceso m\u00e1s econ\u00f3mico posible, a la m\u00e1s baja tarifa y con la mayor calidad. Si bien una mejora en la tecnolog\u00eda es positivo, este debe ir acorde a un mejor servicio de suministro el\u00e9ctrico\u201d.<\/p>\n<p>Cabe destacar que tanto la ley como el decreto que obliga al cambio de medidores se aprobaron durante la administraci\u00f3n del gobierno anterior. Fue el gobierno del Presidente Pi\u00f1era quien busc\u00f3 una alternativa que favoreciera a la ciudadan\u00eda, esto tras las preocupaciones de los propios los clientes de diversas empresas el\u00e9ctricas, as\u00ed tambi\u00e9n parlamentarios de Chile Vamos.<\/p>\n<p>En tanto, las personas que ya cambiaron sus medidores tendr\u00e1n derecho a una compensaci\u00f3n. De todas formas, se continuar\u00e1  trabajando en la Mesa T\u00e9cnica para ver otros incentivos aplicables, tanto a los que quieran cambiarse voluntariamente de aqu\u00ed en adelante como a los que ya se han cambiado.<\/p>\n","protected":false},"excerpt":{"rendered":"<p>La seremi de Gobierno P\u00eda Bersezio valor\u00f3 el anuncio que permitir\u00e1 que el recambio de los medidores sea voluntario, as\u00ed lo anunci\u00f3 la propia ministra&#8230;<\/p>\n","protected":false},"author":2,"featured_media":7078,"comment_status":"closed","ping_status":"open","sticky":false,"template":"","format":"standard","meta":{"footnotes":""},"categories":[4,267],"tags":[],"_links":{"self":[{"href":"http:\/\/www.primeranota.cl\/web\/wp-json\/wp\/v2\/posts\/7077"}],"collection":[{"href":"http:\/\/www.primeranota.cl\/web\/wp-json\/wp\/v2\/posts"}],"about":[{"href":"http:\/\/www.primeranota.cl\/web\/wp-json\/wp\/v2\/types\/post"}],"author":[{"embeddable":true,"href":"http:\/\/www.primeranota.cl\/web\/wp-json\/wp\/v2\/users\/2"}],"replies":[{"embeddable":true,"href":"http:\/\/www.primeranota.cl\/web\/wp-json\/wp\/v2\/comments?post=7077"}],"version-history":[{"count":1,"href":"http:\/\/www.primeranota.cl\/web\/wp-json\/wp\/v2\/posts\/7077\/revisions"}],"predecessor-version":[{"id":7079,"href":"http:\/\/www.primeranota.cl\/web\/wp-json\/wp\/v2\/posts\/7077\/revisions\/7079"}],"wp:featuredmedia":[{"embeddable":true,"href":"http:\/\/www.primeranota.cl\/web\/wp-json\/wp\/v2\/media\/7078"}],"wp:attachment":[{"href":"http:\/\/www.primeranota.cl\/web\/wp-json\/wp\/v2\/media?parent=7077"}],"wp:term":[{"taxonomy":"category","embeddable":true,"href":"http:\/\/www.primeranota.cl\/web\/wp-json\/wp\/v2\/categories?post=7077"},{"taxonomy":"post_tag","embeddable":true,"href":"http:\/\/www.primeranota.cl\/web\/wp-json\/wp\/v2\/tags?post=7077"}],"curies":[{"name":"wp","href":"https:\/\/api.w.org\/{rel}","templated":true}]}}