{"id":7120,"date":"2019-04-20T09:43:24","date_gmt":"2019-04-20T13:43:24","guid":{"rendered":"http:\/\/www.primeranota.cl\/web\/?p=7120"},"modified":"2019-04-20T10:25:26","modified_gmt":"2019-04-20T14:25:26","slug":"abbot-cita-a-consejo-extraordinario-para-designar-al-investigador-de-arias","status":"publish","type":"post","link":"http:\/\/www.primeranota.cl\/web\/pais\/abbot-cita-a-consejo-extraordinario-para-designar-al-investigador-de-arias\/","title":{"rendered":"Abbot cita a consejo extraordinario para designar al investigador de Arias"},"content":{"rendered":"<p>El fiscal nacional Jorge Abbott, cit\u00f3 a un consejo extraordinario de fiscales para este martes 23 de abril a las 15.00 horas, para abordar la denuncia en contra del jefe del Ministerio P\u00fablico en O\u2019Higgins, Emiliano Arias. <\/p>\n<p>En la instancia se determinar\u00e1 si se abre una causa penal en contra del acusado, seg\u00fan la Ley Org\u00e1nica de la entidad. Para ello se debe designar un fiscal regional, quien estar\u00e1 en cargado de indagar las acusaciones de corrupci\u00f3n. <\/p>\n<p>Todo esto luego que Abbott decidiera trasladar a la Fiscal\u00eda Regional Metropolitana Sur la causa que investiga la presunta corrupci\u00f3n de tres ministros de la Corte de Apelaciones de Rancagua, quit\u00e1ndosela de las manos a Arias. <\/p>\n<p>Lo anterior se da justo tras una denuncia del fiscal adjunto de la zona, Sergio Moya, el mismo que pidi\u00f3 la formalizaci\u00f3n de uno de los jueces indagados por corrupci\u00f3n y que ahora inici\u00f3 la acci\u00f3n contra su superior.<\/p>\n<p>La denuncia apunta a un eventual tr\u00e1fico de influencias en el caso Caval, obstrucci\u00f3n a la investigaci\u00f3n en la indagatoria contra el ministro de la corte de apelaciones Emilio Elgueta, ocultamiento en la causa de Malversaci\u00f3n de Caudales P\u00fablicos en el Teatro Regional de Rancagua y violaci\u00f3n de secreto por sustracci\u00f3n de informaci\u00f3n desde la base de datos de la Fiscal\u00eda de O\u2019Higgins. <\/p>\n","protected":false},"excerpt":{"rendered":"<p>El fiscal nacional Jorge Abbott, cit\u00f3 a un consejo extraordinario de fiscales para este martes 23 de abril a las 15.00 horas, para abordar la&#8230;<\/p>\n","protected":false},"author":2,"featured_media":1529,"comment_status":"closed","ping_status":"open","sticky":false,"template":"","format":"standard","meta":{"footnotes":""},"categories":[4,267],"tags":[],"_links":{"self":[{"href":"http:\/\/www.primeranota.cl\/web\/wp-json\/wp\/v2\/posts\/7120"}],"collection":[{"href":"http:\/\/www.primeranota.cl\/web\/wp-json\/wp\/v2\/posts"}],"about":[{"href":"http:\/\/www.primeranota.cl\/web\/wp-json\/wp\/v2\/types\/post"}],"author":[{"embeddable":true,"href":"http:\/\/www.primeranota.cl\/web\/wp-json\/wp\/v2\/users\/2"}],"replies":[{"embeddable":true,"href":"http:\/\/www.primeranota.cl\/web\/wp-json\/wp\/v2\/comments?post=7120"}],"version-history":[{"count":2,"href":"http:\/\/www.primeranota.cl\/web\/wp-json\/wp\/v2\/posts\/7120\/revisions"}],"predecessor-version":[{"id":7127,"href":"http:\/\/www.primeranota.cl\/web\/wp-json\/wp\/v2\/posts\/7120\/revisions\/7127"}],"wp:featuredmedia":[{"embeddable":true,"href":"http:\/\/www.primeranota.cl\/web\/wp-json\/wp\/v2\/media\/1529"}],"wp:attachment":[{"href":"http:\/\/www.primeranota.cl\/web\/wp-json\/wp\/v2\/media?parent=7120"}],"wp:term":[{"taxonomy":"category","embeddable":true,"href":"http:\/\/www.primeranota.cl\/web\/wp-json\/wp\/v2\/categories?post=7120"},{"taxonomy":"post_tag","embeddable":true,"href":"http:\/\/www.primeranota.cl\/web\/wp-json\/wp\/v2\/tags?post=7120"}],"curies":[{"name":"wp","href":"https:\/\/api.w.org\/{rel}","templated":true}]}}