{"id":7139,"date":"2019-04-22T07:36:49","date_gmt":"2019-04-22T11:36:49","guid":{"rendered":"http:\/\/www.primeranota.cl\/web\/?p=7139"},"modified":"2019-04-22T07:36:49","modified_gmt":"2019-04-22T11:36:49","slug":"fiscales-rechazan-subordinar-el-ministerio-publico-al-poder-politico","status":"publish","type":"post","link":"http:\/\/www.primeranota.cl\/web\/pais\/fiscales-rechazan-subordinar-el-ministerio-publico-al-poder-politico\/","title":{"rendered":"Fiscales rechazan &#8220;subordinar&#8221; el Ministerio P\u00fablico al poder pol\u00edtico"},"content":{"rendered":"<p>En medio de la crisis que vive el Ministerio P\u00fablico, a ra\u00edz de la denuncia del fiscal Sergio Moya contra su superior Emiliano Arias, la Asociaci\u00f3n de Fiscales fustig\u00f3 cualquier iniciativa que busque aprovecharse de la situaci\u00f3n para &#8220;subordinar&#8221; la instituci\u00f3n al poder pol\u00edtico.<\/p>\n<p>El s\u00e1bado Moya dio a conocer que acus\u00f3 ante el fiscal nacional, Jorge Abbott, a Arias por presuntos intentos de proteger a los gobiernos de Michelle Bachelet y Sebasti\u00e1n Pi\u00f1era en el caso Caval, al alcalde de Rancagua en una causa por malversaci\u00f3n y a los ministros de la Corte de Apelaciones investigados y hoy suspendidos por irregularidades.<\/p>\n<p>Tras eso, tanto Arias como Moya han concedido una serie de entrevistas ante los medios, donde han seguido ahondando en las acusaciones y cuestion\u00e1ndose mutuamente.<\/p>\n<p>En este marco, mediante un breve comunicado, la Asociaci\u00f3n reiter\u00f3 su confianza &#8220;en que existir\u00e1 una investigaci\u00f3n acuciosa, que esclarecer\u00e1 absolutamente los hechos y posibilitar\u00e1 que -de conformidad a la Ley- se sancione a eventuales responsables&#8221;.<\/p>\n<p>Asimismo, sostuvo, aludiendo a algunas de las acusaciones en este caso, que &#8220;los hechos conocidos demuestran la importancia de mantener al Ministerio P\u00fablico libre de influencias de terceros. Por lo mismo, nuestras autoridades deben ser extraordinariamente cautelosas y ponderar adecuadamente la conveniencia de mantener reuniones con personas que puedan tener inter\u00e9s en el resultado de investigaciones&#8221;.<\/p>\n<p>&#8220;Adem\u00e1s, hacemos un llamado a los distintos actores de la sociedad a respetar la autonom\u00eda del Ministerio P\u00fablico, absteni\u00e9ndose de tratar de influir en sus procesos internos y no ejerciendo acciones destinadas a producir efectos en causas en las que no son intervinientes&#8221;, inst\u00f3 tambi\u00e9n.<\/p>\n<p>Conocida esta crisis en el organismo persecutor, en el Senado ya se habla sobre impulsar un proyecto de ley que permita acusar constitucionalmente al fiscal nacional y a los fiscales regionales.<\/p>\n<p>El gremio respondi\u00f3 a la idea y manifest\u00f3 que &#8220;rechazamos abiertamente aquellas iniciativas que proponen extender el \u00e1mbito de la acusaci\u00f3n constitucional al Ministerio P\u00fablico&#8221;, porque, asegur\u00f3, &#8220;el principal efecto pr\u00e1ctico de esta medida ser\u00eda subordinar la Fiscal\u00eda al poder pol\u00edtico&#8221;.<\/p>\n<p>Cooperativa<\/p>\n","protected":false},"excerpt":{"rendered":"<p>En medio de la crisis que vive el Ministerio P\u00fablico, a ra\u00edz de la denuncia del fiscal Sergio Moya contra su superior Emiliano Arias, la&#8230;<\/p>\n","protected":false},"author":2,"featured_media":7140,"comment_status":"closed","ping_status":"open","sticky":false,"template":"","format":"standard","meta":{"footnotes":""},"categories":[4,267],"tags":[],"_links":{"self":[{"href":"http:\/\/www.primeranota.cl\/web\/wp-json\/wp\/v2\/posts\/7139"}],"collection":[{"href":"http:\/\/www.primeranota.cl\/web\/wp-json\/wp\/v2\/posts"}],"about":[{"href":"http:\/\/www.primeranota.cl\/web\/wp-json\/wp\/v2\/types\/post"}],"author":[{"embeddable":true,"href":"http:\/\/www.primeranota.cl\/web\/wp-json\/wp\/v2\/users\/2"}],"replies":[{"embeddable":true,"href":"http:\/\/www.primeranota.cl\/web\/wp-json\/wp\/v2\/comments?post=7139"}],"version-history":[{"count":1,"href":"http:\/\/www.primeranota.cl\/web\/wp-json\/wp\/v2\/posts\/7139\/revisions"}],"predecessor-version":[{"id":7141,"href":"http:\/\/www.primeranota.cl\/web\/wp-json\/wp\/v2\/posts\/7139\/revisions\/7141"}],"wp:featuredmedia":[{"embeddable":true,"href":"http:\/\/www.primeranota.cl\/web\/wp-json\/wp\/v2\/media\/7140"}],"wp:attachment":[{"href":"http:\/\/www.primeranota.cl\/web\/wp-json\/wp\/v2\/media?parent=7139"}],"wp:term":[{"taxonomy":"category","embeddable":true,"href":"http:\/\/www.primeranota.cl\/web\/wp-json\/wp\/v2\/categories?post=7139"},{"taxonomy":"post_tag","embeddable":true,"href":"http:\/\/www.primeranota.cl\/web\/wp-json\/wp\/v2\/tags?post=7139"}],"curies":[{"name":"wp","href":"https:\/\/api.w.org\/{rel}","templated":true}]}}