{"id":7180,"date":"2019-04-24T07:48:21","date_gmt":"2019-04-24T11:48:21","guid":{"rendered":"http:\/\/www.primeranota.cl\/web\/?p=7180"},"modified":"2019-04-24T07:48:21","modified_gmt":"2019-04-24T11:48:21","slug":"camara-de-diputados-aprobo-proyecto-que-obliga-a-religiosos-a-denunciar-abusos","status":"publish","type":"post","link":"http:\/\/www.primeranota.cl\/web\/pais\/camara-de-diputados-aprobo-proyecto-que-obliga-a-religiosos-a-denunciar-abusos\/","title":{"rendered":"C\u00e1mara de Diputados aprob\u00f3 proyecto que obliga a religiosos a denunciar abusos"},"content":{"rendered":"<p>La C\u00e1mara de Diputados aprob\u00f3 este martes un proyecto de ley que establece la obligaci\u00f3n de todas las autoridades eclesi\u00e1sticas de denunciar ante la Justicia civil cualquier il\u00edcito contra menores o adultos vulnerables, tras los casos de abusos sexuales ocultados en el seno de la Iglesia cat\u00f3lica.<\/p>\n<p>La determinaci\u00f3n de la C\u00e1mara Baja tendr\u00e1 que ser ahora ratificada en el Senado en el segundo tr\u00e1mite legislativo antes de que sea mandado al Ejecutivo para su promulgaci\u00f3n como ley.<\/p>\n<p>Este &#8220;perfeccionamiento&#8221; legal pas\u00f3 a votaci\u00f3n despu\u00e9s de varios a\u00f1os de denuncias contra personas relacionadas con el clero por abusos sexuales a menores o adultos, que nunca llegaron a manos de la Justicia civil.<\/p>\n","protected":false},"excerpt":{"rendered":"<p>La C\u00e1mara de Diputados aprob\u00f3 este martes un proyecto de ley que establece la obligaci\u00f3n de todas las autoridades eclesi\u00e1sticas de denunciar ante la Justicia&#8230;<\/p>\n","protected":false},"author":2,"featured_media":3638,"comment_status":"closed","ping_status":"open","sticky":false,"template":"","format":"standard","meta":{"footnotes":""},"categories":[4,267],"tags":[],"_links":{"self":[{"href":"http:\/\/www.primeranota.cl\/web\/wp-json\/wp\/v2\/posts\/7180"}],"collection":[{"href":"http:\/\/www.primeranota.cl\/web\/wp-json\/wp\/v2\/posts"}],"about":[{"href":"http:\/\/www.primeranota.cl\/web\/wp-json\/wp\/v2\/types\/post"}],"author":[{"embeddable":true,"href":"http:\/\/www.primeranota.cl\/web\/wp-json\/wp\/v2\/users\/2"}],"replies":[{"embeddable":true,"href":"http:\/\/www.primeranota.cl\/web\/wp-json\/wp\/v2\/comments?post=7180"}],"version-history":[{"count":1,"href":"http:\/\/www.primeranota.cl\/web\/wp-json\/wp\/v2\/posts\/7180\/revisions"}],"predecessor-version":[{"id":7181,"href":"http:\/\/www.primeranota.cl\/web\/wp-json\/wp\/v2\/posts\/7180\/revisions\/7181"}],"wp:featuredmedia":[{"embeddable":true,"href":"http:\/\/www.primeranota.cl\/web\/wp-json\/wp\/v2\/media\/3638"}],"wp:attachment":[{"href":"http:\/\/www.primeranota.cl\/web\/wp-json\/wp\/v2\/media?parent=7180"}],"wp:term":[{"taxonomy":"category","embeddable":true,"href":"http:\/\/www.primeranota.cl\/web\/wp-json\/wp\/v2\/categories?post=7180"},{"taxonomy":"post_tag","embeddable":true,"href":"http:\/\/www.primeranota.cl\/web\/wp-json\/wp\/v2\/tags?post=7180"}],"curies":[{"name":"wp","href":"https:\/\/api.w.org\/{rel}","templated":true}]}}