{"id":7182,"date":"2019-04-24T07:54:22","date_gmt":"2019-04-24T11:54:22","guid":{"rendered":"http:\/\/www.primeranota.cl\/web\/?p=7182"},"modified":"2019-04-24T07:54:22","modified_gmt":"2019-04-24T11:54:22","slug":"mensajes-de-whatsapp-entre-chadwick-y-alcalde-de-rancagua-son-parte-de-la-investigacion-contra-el-fiscal-arias","status":"publish","type":"post","link":"http:\/\/www.primeranota.cl\/web\/pais\/mensajes-de-whatsapp-entre-chadwick-y-alcalde-de-rancagua-son-parte-de-la-investigacion-contra-el-fiscal-arias\/","title":{"rendered":"Mensajes de WhatsApp entre Chadwick y alcalde de Rancagua son parte de la investigaci\u00f3n contra el Fiscal Arias"},"content":{"rendered":"<p>Contin\u00faan las complicaciones para el fiscal regional de O\u2019Higgins, Emiliano Arias, pero esta vez tambi\u00e9n arrastran al ministro del Interior, Andr\u00e9s Chadwick, y al alcalde de Rancagua, Eduardo Soto, quien ser\u00e1 formalizado en mayo por las irregularidades en el Teatro Municipal de su ciudad.<\/p>\n<p>Radio B\u00edo B\u00edo tuvo acceso a los mensajes de WhatsApp entre Chadwick y el entonces abogado y actual edil, los que figuran en la denuncia del fiscal Sergio Moya contra su superior, Emiliano Arias.<\/p>\n<p>Los mensajes corresponden al a\u00f1o 2017 y en ellos el ahora ministro le dice a Soto que \u201cser\u00eda bueno un apoyo al fiscal (Arias)\u201d porque \u201ces muy injusto lo que ha hecho la fiscal\u00eda nacional al sancionarlo por investigar incendios\u201d.<\/p>\n<p>A continuaci\u00f3n le sugiere que \u201cun twitter tuyo ser\u00eda un muy buen respaldo\u201d, a lo que el actual alcalde responde \u201cok\u201d.<\/p>\n<p>Luego Chadwick le pregunta c\u00f3mo est\u00e1, a lo que Soto contesta que \u201cojal\u00e1 no se enrede lo del teatro\u201d.<\/p>\n<p>Despu\u00e9s, en junio de 2017, el alcalde le pregunta a su abogado y actual asesor del Ministerio del Interior, Luis Hermosilla, si hay alguna novedad \u201crespecto al teatro regional\u201d. \u201cVamos a declarar en pr\u00f3xima fecha y despu\u00e9s archivar\u201d, responde este.<\/p>\n<p>Luego el alcalde le escribe a su abogado: \u201cMe acaba de escribir Emiliano\u201d. En otra conversaci\u00f3n el edil le contesta a Hermosilla: \u201cEst\u00e1 disponible, Andr\u00e9s lo conoce y eficiente cien por ciento\u201d.<\/p>\n<p>De acuerdo al relato de Moya, tras incautar el tel\u00e9fono m\u00f3vil, una tablet y un computador del alcalde Soto en noviembre de 2017, Arias le habr\u00eda ordenado devolver las especies, a lo que Moya se habr\u00eda negado.<\/p>\n","protected":false},"excerpt":{"rendered":"<p>Contin\u00faan las complicaciones para el fiscal regional de O\u2019Higgins, Emiliano Arias, pero esta vez tambi\u00e9n arrastran al ministro del Interior, Andr\u00e9s Chadwick, y al alcalde&#8230;<\/p>\n","protected":false},"author":2,"featured_media":4978,"comment_status":"closed","ping_status":"open","sticky":false,"template":"","format":"standard","meta":{"footnotes":""},"categories":[4,267],"tags":[],"_links":{"self":[{"href":"http:\/\/www.primeranota.cl\/web\/wp-json\/wp\/v2\/posts\/7182"}],"collection":[{"href":"http:\/\/www.primeranota.cl\/web\/wp-json\/wp\/v2\/posts"}],"about":[{"href":"http:\/\/www.primeranota.cl\/web\/wp-json\/wp\/v2\/types\/post"}],"author":[{"embeddable":true,"href":"http:\/\/www.primeranota.cl\/web\/wp-json\/wp\/v2\/users\/2"}],"replies":[{"embeddable":true,"href":"http:\/\/www.primeranota.cl\/web\/wp-json\/wp\/v2\/comments?post=7182"}],"version-history":[{"count":1,"href":"http:\/\/www.primeranota.cl\/web\/wp-json\/wp\/v2\/posts\/7182\/revisions"}],"predecessor-version":[{"id":7183,"href":"http:\/\/www.primeranota.cl\/web\/wp-json\/wp\/v2\/posts\/7182\/revisions\/7183"}],"wp:featuredmedia":[{"embeddable":true,"href":"http:\/\/www.primeranota.cl\/web\/wp-json\/wp\/v2\/media\/4978"}],"wp:attachment":[{"href":"http:\/\/www.primeranota.cl\/web\/wp-json\/wp\/v2\/media?parent=7182"}],"wp:term":[{"taxonomy":"category","embeddable":true,"href":"http:\/\/www.primeranota.cl\/web\/wp-json\/wp\/v2\/categories?post=7182"},{"taxonomy":"post_tag","embeddable":true,"href":"http:\/\/www.primeranota.cl\/web\/wp-json\/wp\/v2\/tags?post=7182"}],"curies":[{"name":"wp","href":"https:\/\/api.w.org\/{rel}","templated":true}]}}