{"id":7291,"date":"2019-04-29T07:43:37","date_gmt":"2019-04-29T11:43:37","guid":{"rendered":"http:\/\/www.primeranota.cl\/web\/?p=7291"},"modified":"2019-04-29T07:43:37","modified_gmt":"2019-04-29T11:43:37","slug":"vocero-de-la-corte-suprema-no-se-puede-garantizar-que-no-haya-corrpucion-en-otras-regiones","status":"publish","type":"post","link":"http:\/\/www.primeranota.cl\/web\/pais\/vocero-de-la-corte-suprema-no-se-puede-garantizar-que-no-haya-corrpucion-en-otras-regiones\/","title":{"rendered":"Vocero de la Corte Suprema: &#8220;No se puede garantizar que no haya corrpucion en otras regiones&#8221;"},"content":{"rendered":"<p>El vocero de la Corte Suprema, Lamberto Cisternas, estuvo presente este domingo en el programa \u201cMesa Central\u201d de Canal 13 para abordar la tensi\u00f3n que existe en el Poder Judicial producto de las investigaciones sobre jueces y fiscales acusados de corrupci\u00f3n y tr\u00e1fico de influencias en diversos casos.<\/p>\n<p>\u201cYo creo que cualquier organizaci\u00f3n, incluido el Poder Judicial, siempre tiene que tener presente que est\u00e1 en condiciones de que ocurra algo dentro de sus filas. Esto ocurri\u00f3 desgraciadamente en Rancagua y ha permitido que hablemos del \u2018desastre de Rancagua\u2019\u201d, coment\u00f3 el vocero de la Corte Suprema.<\/p>\n<p>De igual manera, puntualiz\u00f3 que \u201cpienso que desde hace un tiempo, por los antecedentes que ahora tenemos, ven\u00edan gest\u00e1ndose una cantidad de actividades que podemos llamar irregulares, graves\u201d. <\/p>\n<p>En ese sentido, detalla que las investigaciones preliminares arrojan que en los \u00faltimos dos a\u00f1os comenzaron a notarse ciertas irregularidades.<\/p>\n<p>\u201cLo que nosotros sabemos, hasta este momento, es que solo ocurre en Rancagua (irregularidades). Nadie en su sano juicio puede decir que no puede ocurrir en otros lugares. Esperamos que no ocurra y estamos haciendo lo posible para tener los ojos y los o\u00eddos muy abiertos para detener lo que pueda ocurrir\u201d, a\u00f1adi\u00f3.<\/p>\n<p>Aunque tambi\u00e9n enfatiz\u00f3 que no puede asegurar que no ocurran estos hechos en otros lugares. \u201cJam\u00e1s garantizo nada\u201d, coment\u00f3.<\/p>\n<p>Cisternas, adem\u00e1s, abord\u00f3 las medidas que se tomaron respecto a la investigaci\u00f3n contra tres jueces de la Corte de Apelaciones de Rancagua que habr\u00edan tenido actos irregulares.<\/p>\n<p>\u201cLa suspensi\u00f3n es una medida de tipo cautelar para asegurar que la investigaci\u00f3n se pueda desarrollar sin la presencia de las personas involucradas\u201d, coment\u00f3.<\/p>\n<p>\u201cCuando esas personas pueden tener muchas influencias. En este caso es obvio que ellos tendr\u00edan influencia si est\u00e1n dentro de la Corte, si est\u00e1n tomando decisiones. Por eso se les suspenden de sus actividades. A uno primero, a los otros dos despu\u00e9s, con un m\u00e1ximo de cuatro meses y con goza de remuneraci\u00f3n\u201d, a\u00f1adi\u00f3.<\/p>\n<p>De igual manera, coment\u00f3 que la crisis en la Corte de Apelaciones de Rancagua \u201ces grave, porque si algo debe existir en los organismos p\u00fablicos, es la coordinaci\u00f3n\u201d. <\/p>\n<p>Sobre la reuni\u00f3n que sostuvo el fiscal nacional, Jorge Abbott, con el senador del PS Juan Pablo Letelier, asegur\u00f3 que \u201cen ese tema no entro\u201d. Sobre sus razones, puntualiz\u00f3 que \u201cporque no quiero entrar\u201d.<\/p>\n","protected":false},"excerpt":{"rendered":"<p>El vocero de la Corte Suprema, Lamberto Cisternas, estuvo presente este domingo en el programa \u201cMesa Central\u201d de Canal 13 para abordar la tensi\u00f3n que&#8230;<\/p>\n","protected":false},"author":2,"featured_media":6799,"comment_status":"closed","ping_status":"open","sticky":false,"template":"","format":"standard","meta":{"footnotes":""},"categories":[4,267],"tags":[],"_links":{"self":[{"href":"http:\/\/www.primeranota.cl\/web\/wp-json\/wp\/v2\/posts\/7291"}],"collection":[{"href":"http:\/\/www.primeranota.cl\/web\/wp-json\/wp\/v2\/posts"}],"about":[{"href":"http:\/\/www.primeranota.cl\/web\/wp-json\/wp\/v2\/types\/post"}],"author":[{"embeddable":true,"href":"http:\/\/www.primeranota.cl\/web\/wp-json\/wp\/v2\/users\/2"}],"replies":[{"embeddable":true,"href":"http:\/\/www.primeranota.cl\/web\/wp-json\/wp\/v2\/comments?post=7291"}],"version-history":[{"count":1,"href":"http:\/\/www.primeranota.cl\/web\/wp-json\/wp\/v2\/posts\/7291\/revisions"}],"predecessor-version":[{"id":7292,"href":"http:\/\/www.primeranota.cl\/web\/wp-json\/wp\/v2\/posts\/7291\/revisions\/7292"}],"wp:featuredmedia":[{"embeddable":true,"href":"http:\/\/www.primeranota.cl\/web\/wp-json\/wp\/v2\/media\/6799"}],"wp:attachment":[{"href":"http:\/\/www.primeranota.cl\/web\/wp-json\/wp\/v2\/media?parent=7291"}],"wp:term":[{"taxonomy":"category","embeddable":true,"href":"http:\/\/www.primeranota.cl\/web\/wp-json\/wp\/v2\/categories?post=7291"},{"taxonomy":"post_tag","embeddable":true,"href":"http:\/\/www.primeranota.cl\/web\/wp-json\/wp\/v2\/tags?post=7291"}],"curies":[{"name":"wp","href":"https:\/\/api.w.org\/{rel}","templated":true}]}}