{"id":7372,"date":"2019-05-02T08:02:02","date_gmt":"2019-05-02T12:02:02","guid":{"rendered":"http:\/\/www.primeranota.cl\/web\/?p=7372"},"modified":"2019-05-02T08:02:02","modified_gmt":"2019-05-02T12:02:02","slug":"obispo-duran-desmiente-destitucion","status":"publish","type":"post","link":"http:\/\/www.primeranota.cl\/web\/pais\/obispo-duran-desmiente-destitucion\/","title":{"rendered":"Obispo Dur\u00e1n desmiente destituci\u00f3n"},"content":{"rendered":"<p>El obispo evang\u00e9lico Eduardo Dur\u00e1n desminti\u00f3 que se haya iniciado el proceso para su destituci\u00f3n, aseverando que seg\u00fan los estatutos de la iglesia solo se ha concitado un \u201cacuerdo que da 4 meses para que el se\u00f1or obispo atienda los problemas derivados del conflicto reciente\u201d.<\/p>\n<p>A trav\u00e9s de un comunicado Dur\u00e1n dijo que \u201cfrente a algunas publicaciones en medios digitales, que indicar\u00eda mi alejamiento del cargo y otras afirmaciones ajenas a la realidad, estimo pertinente se\u00f1alar lo siguiente:\u00a0<strong>Desmiento categ\u00f3ricamente haber dejado mi cargo de Pastor de la Catedral Evang\u00e9lica y Presidente de la Primera Iglesia Metodista Pentecostal<\/strong>\u201c.<\/p>\n<p>Luego continu\u00f3 diciendo que \u201cel error en lo informado por \u00a0algunos medios se debe a que las intenciones de algunas personas van mucho m\u00e1s all\u00e1 de lo efectivamente acordado hasta el momento\u201d.<\/p>\n<div>\u201cDe acuerdo al estatuto de nuestra corporaci\u00f3n, sus reglamentos y la \u00a0documentaci\u00f3n vigente,\u00a0<strong>Eduardo Dur\u00e1n Castro es el Pastor Gobernante de la Catedral y el Presidente de la Primera Iglesia Metodista Pentecostal. No hay espacio para m\u00e1s interpretaciones<\/strong>\u201c, sostuvo.<\/div>\n<div><\/div>\n<div>\u201cEl documento que se expone como fuente de esta informaci\u00f3n, efectivamente es un acuerdo que da 4 meses para que \u201cel se\u00f1or OBISPO\u201d atienda los problemas derivados del conflicto reciente.\u00a0 Este plazo no tiene relaci\u00f3n con alguna eventual destituci\u00f3n, \u00a0renuncia, \u00a0cesaci\u00f3n del cargo o cualquier construcci\u00f3n imaginaria que pueda habitar en la creatividad de algunos\u201d, insisti\u00f3.<\/div>\n<div><\/div>\n<div>\u201cEn nuestro orden eclesi\u00e1stico, que un vicepresidente atienda tareas del Presidente, en el mejor de los casos, puede comprenderse como una comisi\u00f3n, ni siquiera una subrogancia\u201d, aclar\u00f3 para finalizar.<\/div>\n","protected":false},"excerpt":{"rendered":"<p>El obispo evang\u00e9lico Eduardo Dur\u00e1n desminti\u00f3 que se haya iniciado el proceso para su destituci\u00f3n, aseverando que seg\u00fan los estatutos de la iglesia solo se&#8230;<\/p>\n","protected":false},"author":2,"featured_media":5518,"comment_status":"closed","ping_status":"open","sticky":false,"template":"","format":"standard","meta":{"footnotes":""},"categories":[4,267],"tags":[],"_links":{"self":[{"href":"http:\/\/www.primeranota.cl\/web\/wp-json\/wp\/v2\/posts\/7372"}],"collection":[{"href":"http:\/\/www.primeranota.cl\/web\/wp-json\/wp\/v2\/posts"}],"about":[{"href":"http:\/\/www.primeranota.cl\/web\/wp-json\/wp\/v2\/types\/post"}],"author":[{"embeddable":true,"href":"http:\/\/www.primeranota.cl\/web\/wp-json\/wp\/v2\/users\/2"}],"replies":[{"embeddable":true,"href":"http:\/\/www.primeranota.cl\/web\/wp-json\/wp\/v2\/comments?post=7372"}],"version-history":[{"count":1,"href":"http:\/\/www.primeranota.cl\/web\/wp-json\/wp\/v2\/posts\/7372\/revisions"}],"predecessor-version":[{"id":7373,"href":"http:\/\/www.primeranota.cl\/web\/wp-json\/wp\/v2\/posts\/7372\/revisions\/7373"}],"wp:featuredmedia":[{"embeddable":true,"href":"http:\/\/www.primeranota.cl\/web\/wp-json\/wp\/v2\/media\/5518"}],"wp:attachment":[{"href":"http:\/\/www.primeranota.cl\/web\/wp-json\/wp\/v2\/media?parent=7372"}],"wp:term":[{"taxonomy":"category","embeddable":true,"href":"http:\/\/www.primeranota.cl\/web\/wp-json\/wp\/v2\/categories?post=7372"},{"taxonomy":"post_tag","embeddable":true,"href":"http:\/\/www.primeranota.cl\/web\/wp-json\/wp\/v2\/tags?post=7372"}],"curies":[{"name":"wp","href":"https:\/\/api.w.org\/{rel}","templated":true}]}}