{"id":7376,"date":"2019-05-02T08:08:51","date_gmt":"2019-05-02T12:08:51","guid":{"rendered":"http:\/\/www.primeranota.cl\/web\/?p=7376"},"modified":"2019-05-02T08:08:51","modified_gmt":"2019-05-02T12:08:51","slug":"encuesta-criteria-joaquin-lavin-crece-en-aprobacion","status":"publish","type":"post","link":"http:\/\/www.primeranota.cl\/web\/pais\/encuesta-criteria-joaquin-lavin-crece-en-aprobacion\/","title":{"rendered":"Encuesta Criteria: Joaqu\u00edn Lav\u00edn crece en aprobaci\u00f3n"},"content":{"rendered":"<p>Fueron lanzados los resultados de una nueva edici\u00f3n de la Encuesta Criteria, la cual muestra la consolidaci\u00f3n de Joaqu\u00edn lav\u00edn, quien ha logrado subir siete puntos porcentuales en seis meses y por primera vez iguala a Jos\u00e9 Antonio Kast en preferencias.<\/p>\n<p>A pesar del alza del alcalde de Las Condes, ante la consulta de \u00bfQui\u00e9n te gustar\u00eda que fuera el pr\u00f3ximo presidente o presidenta de Chile despu\u00e9s de Sebasti\u00e1n Pi\u00f1era?, Beatriz S\u00e1nchez se mantiene en el primer lugar con un 12%, siendo seguida por Jos\u00e9 Antonio kast y Joaqu\u00edn Lav\u00edn con un 10%.<\/p>\n<p>Cabe mencionar que de los ocho que lideran la encuesta, s\u00f3lo Beatriz S\u00e1nchez particip\u00f3 en primarias presidenciales en 2017, s\u00f3lo uno es parlamentario y cuatro corresponden a alcaldes.<\/p>\n<p>En cuanto a la evaluaci\u00f3n del Presidente Sebasti\u00e1n Pi\u00f1era, esta se mantuvo estable en relaci\u00f3n a la \u00faltima medici\u00f3n, con un 36% de aprobaci\u00f3n y un 50% de desaprobaci\u00f3n, siendo la principal cr\u00edtica que gobierna para algunos pocos (24%) y la falta de preocupaci\u00f3n por personas de menores ingresos (19%).<\/p>\n<p>En la misma l\u00ednea la labor del gobierno cuenta con un 56% de desaprobaci\u00f3n y s\u00f3lo un 32% de aprobaci\u00f3n, por lo que mantiene las cifras de la encuesta de marzo.<\/p>\n","protected":false},"excerpt":{"rendered":"<p>Fueron lanzados los resultados de una nueva edici\u00f3n de la Encuesta Criteria, la cual muestra la consolidaci\u00f3n de Joaqu\u00edn lav\u00edn, quien ha logrado subir siete&#8230;<\/p>\n","protected":false},"author":2,"featured_media":4433,"comment_status":"closed","ping_status":"open","sticky":false,"template":"","format":"standard","meta":{"footnotes":""},"categories":[4,267],"tags":[],"_links":{"self":[{"href":"http:\/\/www.primeranota.cl\/web\/wp-json\/wp\/v2\/posts\/7376"}],"collection":[{"href":"http:\/\/www.primeranota.cl\/web\/wp-json\/wp\/v2\/posts"}],"about":[{"href":"http:\/\/www.primeranota.cl\/web\/wp-json\/wp\/v2\/types\/post"}],"author":[{"embeddable":true,"href":"http:\/\/www.primeranota.cl\/web\/wp-json\/wp\/v2\/users\/2"}],"replies":[{"embeddable":true,"href":"http:\/\/www.primeranota.cl\/web\/wp-json\/wp\/v2\/comments?post=7376"}],"version-history":[{"count":1,"href":"http:\/\/www.primeranota.cl\/web\/wp-json\/wp\/v2\/posts\/7376\/revisions"}],"predecessor-version":[{"id":7377,"href":"http:\/\/www.primeranota.cl\/web\/wp-json\/wp\/v2\/posts\/7376\/revisions\/7377"}],"wp:featuredmedia":[{"embeddable":true,"href":"http:\/\/www.primeranota.cl\/web\/wp-json\/wp\/v2\/media\/4433"}],"wp:attachment":[{"href":"http:\/\/www.primeranota.cl\/web\/wp-json\/wp\/v2\/media?parent=7376"}],"wp:term":[{"taxonomy":"category","embeddable":true,"href":"http:\/\/www.primeranota.cl\/web\/wp-json\/wp\/v2\/categories?post=7376"},{"taxonomy":"post_tag","embeddable":true,"href":"http:\/\/www.primeranota.cl\/web\/wp-json\/wp\/v2\/tags?post=7376"}],"curies":[{"name":"wp","href":"https:\/\/api.w.org\/{rel}","templated":true}]}}