{"id":7416,"date":"2019-05-03T08:11:36","date_gmt":"2019-05-03T12:11:36","guid":{"rendered":"http:\/\/www.primeranota.cl\/web\/?p=7416"},"modified":"2019-05-03T08:11:36","modified_gmt":"2019-05-03T12:11:36","slug":"carabineros-soto-dice-que-villalobos-mintio-y-dejo-44-millones-menos-en-gastos-reservados","status":"publish","type":"post","link":"http:\/\/www.primeranota.cl\/web\/pais\/carabineros-soto-dice-que-villalobos-mintio-y-dejo-44-millones-menos-en-gastos-reservados\/","title":{"rendered":"Carabineros: Soto dice que Villalobos minti\u00f3 y dej\u00f3 $ 44 millones menos en gastos reservados"},"content":{"rendered":"<p>La primera se\u00f1al de la mala relaci\u00f3n entre el entonces general director de Carabineros Hermes Soto con su antecesor, el general (R) Bruno Villalobos, se manifest\u00f3 en el cambio de mando, en marzo de 2018. En esa ceremonia, el reci\u00e9n asumido jefe policial no invit\u00f3 a su predecesor, gesto que hist\u00f3ricamente se hab\u00eda mantenido para ese acto.<\/p>\n<p>Esta tensi\u00f3n alcanz\u00f3 un nuevo nivel, ahora en sede penal. Esto, porque Soto acus\u00f3 a Villalobos de mentir en su declaraci\u00f3n judicial y de haber indicado que dej\u00f3 menos dinero de gastos reservados de lo que realmente era. Lo hizo el 1 de abril, cuando declar\u00f3 como testigo ante la fiscal Centro Norte, Patricia Cerda, quien indaga presuntas irregularidades en Carabineros en el uso de sus gastos reservados.<\/p>\n<p>Soto relat\u00f3 que fue nombrado general director el 14 de marzo de 2018 y que tuvieron que pasar cinco d\u00edas para que Villalobos le entregara su oficina. Se\u00f1al\u00f3, adem\u00e1s, que el exjefe policial estuvo durante una semana encerrado con personas de su confianza y rompiendo documentaci\u00f3n.<\/p>\n<p>De acuerdo a Soto, ese 19 de marzo, Villalobos le entreg\u00f3 el dinero correspondiente a los gastos reservados, que estaba en la caja fuerte. Entonces, dijo Soto, Villalobos le mostr\u00f3 que hab\u00eda dentro $ 18 millones y US$ 60 mil.<\/p>\n<p>En el testimonio, Hermes Soto tambi\u00e9n indic\u00f3 que momentos despu\u00e9s de recibir la oficina del general director, la fiscal Mar\u00eda Jos\u00e9 Aguayo -quien investiga el caso Hurac\u00e1n- allan\u00f3 el inmueble e incaut\u00f3 un computador. En la diligencia, adem\u00e1s, fij\u00f3 fotogr\u00e1ficamente el dinero de gastos reservados en la caja fuerte.<\/p>\n<p>Luego, la fiscal Cerda le mostr\u00f3 a Soto parte de la declaraci\u00f3n que entreg\u00f3 Bruno Villalobos el 20 de febrero. Este \u00faltimo se\u00f1al\u00f3 que \u00e9l, personalmente, le entreg\u00f3 a Soto el dinero de los tres primeros meses de gastos reservados y que correspond\u00edan a $ 50 millones y US$ 80 mil y fracci\u00f3n.<\/p>\n<p>Tambi\u00e9n, declar\u00f3 Villalobos, el mismo d\u00eda que nombraron a Soto le pas\u00f3 su oficina y los fondos de los gastos reservados.<\/p>\n<p>Ante esto, Soto inmediatamente le dijo a la fiscal Cerda que lo que declar\u00f3 Villalobos era mentira, que no le entreg\u00f3 la oficina el mismo d\u00eda que asumi\u00f3, sino que cinco d\u00edas despu\u00e9s. Y que fue en aquella ocasi\u00f3n cuando le entreg\u00f3 los $ 18 millones y US$ 60 mil de gastos reservados, es decir, casi $ 44 millones menos de los que declar\u00f3 Villalobos.<\/p>\n<p>Soto, adem\u00e1s, detall\u00f3 que esto ocurri\u00f3 cerca de las 11.00 y que 10 minutos despu\u00e9s lleg\u00f3 la fiscal Aguayo. Seg\u00fan Soto, Villalobos no debe haber visto a la fiscal y tampoco debe saber que ella sac\u00f3 foto al dinero cuando registr\u00f3 la oficina. El exjefe policial tambi\u00e9n relat\u00f3 que \u00e9l mismo coordin\u00f3 el allanamiento con el fiscal Carlos Palma.<br \/>\nSoto dej\u00f3 su cargo como autoridad de Carabineros en diciembre del a\u00f1o pasado, a ra\u00edz de los cuestionamientos del caso Catrillanca.<\/p>\n<p>Consultada la defensa de Villalobos, el abogado \u00c1ngel Valencia se\u00f1al\u00f3 a La Tercera que \u201cSoto describe una forma de entrega de su oficina por el general (R) Villalobos que no se ajusta a la realidad de los hechos, y estamos confiados en que la investigaci\u00f3n as\u00ed lo acreditar\u00e1\u201d. A\u00f1adi\u00f3 que \u201crespecto de las diferencias entre la suma aproximada que expres\u00f3 Villalobos en su declaraci\u00f3n y lo que habr\u00eda declarado Soto, es primera vez que nos enteramos de afirmaciones como esa. Confiamos en que la investigaci\u00f3n podr\u00e1 precisar cu\u00e1nto dinero exist\u00eda en esa caja del fondos al momento de que Villalobos hace entrega de su contenido a quien le sucedi\u00f3; reiteramos que, al momento de prestar declaraci\u00f3n, mi representado se refiri\u00f3 a sumas aproximadas y en base a lo que recordaba\u201d.<\/p>\n<p>Valencia, adem\u00e1s, a\u00f1adi\u00f3 que es necesario que el Ministerio P\u00fablico aclare por qu\u00e9 \u201cSoto afirma que habr\u00eda permanecido a solas en esa oficina a lo menos 10 minutos, mientras esperaba que ingresara una fiscal para registrar el lugar e incautar supuesta evidencia\u201d. En ese sentido, indic\u00f3 que \u201ccualquier polic\u00eda competente sabe que si un lugar debe ser allanado, ello debe ocurrir de inmediato, sin que exista posibilidad de que alguien pueda alterarlo (\u2026). La situaci\u00f3n ser\u00eda extremadamente grave\u201d.<\/p>\n<p>El abogado tambi\u00e9n asegur\u00f3 que \u201cpuesto que es posible que se est\u00e9 pretendiendo hacer recaer sobre el general (R) Villalobos la sospecha de que se habr\u00eda apropiado de parte del dinero que debi\u00f3 encontrarse en esa caja de fondos, esto lo niega mi representado de la manera m\u00e1s categ\u00f3rica\u201d<\/p>\n","protected":false},"excerpt":{"rendered":"<p>La primera se\u00f1al de la mala relaci\u00f3n entre el entonces general director de Carabineros Hermes Soto con su antecesor, el general (R) Bruno Villalobos, se&#8230;<\/p>\n","protected":false},"author":2,"featured_media":4238,"comment_status":"closed","ping_status":"open","sticky":false,"template":"","format":"standard","meta":{"footnotes":""},"categories":[4,267],"tags":[],"_links":{"self":[{"href":"http:\/\/www.primeranota.cl\/web\/wp-json\/wp\/v2\/posts\/7416"}],"collection":[{"href":"http:\/\/www.primeranota.cl\/web\/wp-json\/wp\/v2\/posts"}],"about":[{"href":"http:\/\/www.primeranota.cl\/web\/wp-json\/wp\/v2\/types\/post"}],"author":[{"embeddable":true,"href":"http:\/\/www.primeranota.cl\/web\/wp-json\/wp\/v2\/users\/2"}],"replies":[{"embeddable":true,"href":"http:\/\/www.primeranota.cl\/web\/wp-json\/wp\/v2\/comments?post=7416"}],"version-history":[{"count":1,"href":"http:\/\/www.primeranota.cl\/web\/wp-json\/wp\/v2\/posts\/7416\/revisions"}],"predecessor-version":[{"id":7417,"href":"http:\/\/www.primeranota.cl\/web\/wp-json\/wp\/v2\/posts\/7416\/revisions\/7417"}],"wp:featuredmedia":[{"embeddable":true,"href":"http:\/\/www.primeranota.cl\/web\/wp-json\/wp\/v2\/media\/4238"}],"wp:attachment":[{"href":"http:\/\/www.primeranota.cl\/web\/wp-json\/wp\/v2\/media?parent=7416"}],"wp:term":[{"taxonomy":"category","embeddable":true,"href":"http:\/\/www.primeranota.cl\/web\/wp-json\/wp\/v2\/categories?post=7416"},{"taxonomy":"post_tag","embeddable":true,"href":"http:\/\/www.primeranota.cl\/web\/wp-json\/wp\/v2\/tags?post=7416"}],"curies":[{"name":"wp","href":"https:\/\/api.w.org\/{rel}","templated":true}]}}