{"id":7468,"date":"2019-05-07T07:36:25","date_gmt":"2019-05-07T11:36:25","guid":{"rendered":"http:\/\/www.primeranota.cl\/web\/?p=7468"},"modified":"2019-05-07T07:36:25","modified_gmt":"2019-05-07T11:36:25","slug":"senador-quintana-y-reforma-al-sistema-de-salud-es-una-oportunidad-para-dar-un-debate-de-fondo","status":"publish","type":"post","link":"http:\/\/www.primeranota.cl\/web\/pais\/senador-quintana-y-reforma-al-sistema-de-salud-es-una-oportunidad-para-dar-un-debate-de-fondo\/","title":{"rendered":"Senador Quintana y reforma al sistema de salud: \u201cEs una oportunidad para dar un debate de fondo\u201d"},"content":{"rendered":"<p>Antes de viajar a la gira por China y Corea del Sur, el Presidente Sebasti\u00e1n Pi\u00f1era present\u00f3 finalmente el proyecto que reforma el sistema de salud, al que el Gobierno puso celeridad luego de la \u00faltima alza de los precios de las Isapres.<\/p>\n<p>La reforma anunciada en La Moneda, que adem\u00e1s busca fortalecer a Fonasa, considera a creaci\u00f3n de un \u00fanico plan de salud, llamado Plan de Salud Universal (PSU), el que deber\u00e1 ser ofrecido con las mismas coberturas por todas las Isapres, en base a un contenido definido por el regulador.<\/p>\n<p>Frente a esto, el senador de La Araucan\u00eda y presidente del Senado, Jaime Quintana, valor\u00f3 que el gobierno presente una reforma a ambos sistemas de salud, p\u00fablico y privado, enfatizando en que <em>\u201ces una oportunidad para dar un debate de fondo\u201d.<\/em><\/p>\n<p><strong>Dudas<\/strong><\/p>\n<p>Sin embargo, el presidente de la C\u00e1mara Alta ve con cierta preocupaci\u00f3n la reforma que, a su juicio, no estar\u00eda favoreciendo mayormente a los usuarios.<\/p>\n<p>Respecto a las Isapres, el senador Quintana expuso que <em>\u201clos titulares son eventualmente positivos, ahora en el Senado tendremos que ir al detalle para que efectivamente se frenen los abusos contra los usuarios y para que se considere a la salud mental dentro de las prestaciones garantizadas\u201d.<\/em><\/p>\n<p>En relaci\u00f3n a los cambios en Fonasa, el congresista fue duro en se\u00f1alar que <em>\u201cseguimos al debe\u201d.<\/em> En la misma l\u00ednea, Jaime Quintana manifest\u00f3 que <em>\u201cel seguro p\u00fablico es el pilar del sistema de salud y debe ser fortalecido con decisi\u00f3n. El Estado sigue en deuda con la Salud P\u00fablica\u201d.<\/em><\/p>\n<p>El senador de La Araucan\u00eda y presidente del Senado, Jaime Quintana, insisti\u00f3 en que <em>\u201cel debate debe ser de fondo para que la reforma realmente sea un aporte para la ciudadan\u00eda, porque tanto el sector p\u00fablico como en el sector privado, est\u00e1 la sensaci\u00f3n de que sus derechos no son atendidos adecuadamente, que no hay acceso garantizado a la salud y que hay muchos abusos\u201d.<\/em><\/p>\n<p>Finalmente, el senador Quintana, hizo un llamado a la oposici\u00f3n a <em>\u201cactuar unidos en este debate, en el Senado y en la C\u00e1mara, a aprobar los cambios que van en beneficio de los pacientes y a dise\u00f1ar desde ya una propuesta integral de fortalecimiento a la salud p\u00fablica. La Salud va a ser el gran tema de pol\u00edtica p\u00fablica durante la siguiente d\u00e9cada, tal como en esta lo fue la Educaci\u00f3n\u201d, <\/em>sentenci\u00f3 el mandam\u00e1s de la C\u00e1mara Alta.<\/p>\n","protected":false},"excerpt":{"rendered":"<p>Antes de viajar a la gira por China y Corea del Sur, el Presidente Sebasti\u00e1n Pi\u00f1era present\u00f3 finalmente el proyecto que reforma el sistema de&#8230;<\/p>\n","protected":false},"author":2,"featured_media":6298,"comment_status":"closed","ping_status":"open","sticky":false,"template":"","format":"standard","meta":{"footnotes":""},"categories":[4,267],"tags":[],"_links":{"self":[{"href":"http:\/\/www.primeranota.cl\/web\/wp-json\/wp\/v2\/posts\/7468"}],"collection":[{"href":"http:\/\/www.primeranota.cl\/web\/wp-json\/wp\/v2\/posts"}],"about":[{"href":"http:\/\/www.primeranota.cl\/web\/wp-json\/wp\/v2\/types\/post"}],"author":[{"embeddable":true,"href":"http:\/\/www.primeranota.cl\/web\/wp-json\/wp\/v2\/users\/2"}],"replies":[{"embeddable":true,"href":"http:\/\/www.primeranota.cl\/web\/wp-json\/wp\/v2\/comments?post=7468"}],"version-history":[{"count":1,"href":"http:\/\/www.primeranota.cl\/web\/wp-json\/wp\/v2\/posts\/7468\/revisions"}],"predecessor-version":[{"id":7469,"href":"http:\/\/www.primeranota.cl\/web\/wp-json\/wp\/v2\/posts\/7468\/revisions\/7469"}],"wp:featuredmedia":[{"embeddable":true,"href":"http:\/\/www.primeranota.cl\/web\/wp-json\/wp\/v2\/media\/6298"}],"wp:attachment":[{"href":"http:\/\/www.primeranota.cl\/web\/wp-json\/wp\/v2\/media?parent=7468"}],"wp:term":[{"taxonomy":"category","embeddable":true,"href":"http:\/\/www.primeranota.cl\/web\/wp-json\/wp\/v2\/categories?post=7468"},{"taxonomy":"post_tag","embeddable":true,"href":"http:\/\/www.primeranota.cl\/web\/wp-json\/wp\/v2\/tags?post=7468"}],"curies":[{"name":"wp","href":"https:\/\/api.w.org\/{rel}","templated":true}]}}