{"id":7482,"date":"2019-05-07T17:34:27","date_gmt":"2019-05-07T21:34:27","guid":{"rendered":"http:\/\/www.primeranota.cl\/web\/?p=7482"},"modified":"2019-05-07T17:45:14","modified_gmt":"2019-05-07T21:45:14","slug":"saffirio-pide-priorizar-a-los-menores-en-discusion-del-sistema-de-adopcion","status":"publish","type":"post","link":"http:\/\/www.primeranota.cl\/web\/pais\/saffirio-pide-priorizar-a-los-menores-en-discusion-del-sistema-de-adopcion\/","title":{"rendered":"Saffirio pide priorizar a los menores en discusi\u00f3n del sistema de adopci\u00f3n"},"content":{"rendered":"<p>El diputado Ren\u00e9 Saffirio, pidi\u00f3 a los miembros de la C\u00e1mara que la discusi\u00f3n sobre la reforma integral al Sistema de Adopci\u00f3n en Chile que se realiza este martes y mi\u00e9rcoles en la sala, sea focalizada en el inter\u00e9s superior de los ni\u00f1os, ni\u00f1as y adolescentes.<\/p>\n<p>\u201cLo \u00fanico que yo quisiera pedir es que cada vez que pronunciemos la palabra adopci\u00f3n, la asociemos al inter\u00e9s superior del ni\u00f1o\u201d, dijo el legislador, que es quien mejor conoce el tema sobre derechos de la infancia en el Congreso, luego que, desde 2012, conformara la primera Comisi\u00f3n Investigadora del SENAME y se hiciera p\u00fablico lo que ocurr\u00eda en Chile en materia de adopciones.<\/p>\n<p>Saffirio intervino en la discusi\u00f3n del proyecto, con la vehemencia que lo caracteriza, y solicit\u00f3 poner el bien superior sobre las leg\u00edtimas diferencias pol\u00edticas de sus pares.<\/p>\n<p>\u201cCuando una familia adopta, cualquiera sea su naturaleza, no se esta comprando una mascota, se est\u00e1 adoptando una vida humana, de la cual tendr\u00e1 que hacerse cargo en el resguardo de sus derechos, de su vida, de su crecimiento, de su desarrollo personal\u201d, indic\u00f3.<\/p>\n<p>Adem\u00e1s, agreg\u00f3 que lo que se busca es poner fin a una de las historias de terror que han afectado por d\u00e9cadas a miles de ni\u00f1os chilenos, bajo la figura de la adopci\u00f3n.<\/p>\n<p>El legislador explic\u00f3 la manera como fueron sustra\u00eddos los ni\u00f1os a sus familias.<\/p>\n<p>&#8220;Muchos ni\u00f1os fueron arrebatados a sus madres, para luego informarles a ellas, que sus hijos hab\u00edan muerto y muchos de ellos despu\u00e9s fueron adoptados principalmente en pa\u00edses de Europa. Hoy d\u00eda, (estos ni\u00f1os) buscan desesperadamente sus ra\u00edces y reconectarse con sus or\u00edgenes, buscan a sus madres, quienes aun tienen la duda acerca de si su hijo permanece con vida en alg\u00fan pa\u00eds del mundo o efectivamente si fallecieron como se lo informaron\u201d, se\u00f1al\u00f3.<\/p>\n<p>COMERCIO DE NI\u00d1OS<\/p>\n<p>El congresista de La Araucan\u00eda recalc\u00f3 que este proyecto busca focalizar la responsabilidad en el proceso de adopci\u00f3n, fundamentalmente en el Servicio de Protecci\u00f3n Especializada de la Ni\u00f1ez, que reemplazar\u00e1 al Sename, el cual fue aprobado hace algunos meses por la C\u00e1mara.<\/p>\n<p>\u201cSe busca romper un c\u00edrculo vicioso en el que se incorpora el lucro en la tramitaci\u00f3n de las adopciones. Existe un comercio de ni\u00f1os construido durante d\u00e9cadas en que el mundo privado, fundamentalmente, pero tambi\u00e9n el mundo p\u00fablico, a trav\u00e9s de los antiguos juzgados de menores, negociaron ni\u00f1os por miles, a trav\u00e9s de distintas agencias, seis de las cuales funcionan en nuestro pa\u00eds\u201d, denunci\u00f3.<\/p>\n<p>Saffirio relat\u00f3 que gran parte de estas graves irregularidades ocurrieron en el antiguo Juzgado de Letras de Menores de Temuco y que existen documentos suscritos por la Juez de Menores en que otorgaba permisos transitorios para salir del pa\u00eds, a peque\u00f1os que nunca retornaron a Chile y que fueron dados en adopci\u00f3n en Europa fundamentalmente en Italia. Y en realidad, previamente, hab\u00edan sido vendidos en nuestro pa\u00eds<\/p>\n","protected":false},"excerpt":{"rendered":"<p>El diputado Ren\u00e9 Saffirio, pidi\u00f3 a los miembros de la C\u00e1mara que la discusi\u00f3n sobre la reforma integral al Sistema de Adopci\u00f3n en Chile que&#8230;<\/p>\n","protected":false},"author":2,"featured_media":861,"comment_status":"closed","ping_status":"open","sticky":false,"template":"","format":"standard","meta":{"footnotes":""},"categories":[4,267],"tags":[],"_links":{"self":[{"href":"http:\/\/www.primeranota.cl\/web\/wp-json\/wp\/v2\/posts\/7482"}],"collection":[{"href":"http:\/\/www.primeranota.cl\/web\/wp-json\/wp\/v2\/posts"}],"about":[{"href":"http:\/\/www.primeranota.cl\/web\/wp-json\/wp\/v2\/types\/post"}],"author":[{"embeddable":true,"href":"http:\/\/www.primeranota.cl\/web\/wp-json\/wp\/v2\/users\/2"}],"replies":[{"embeddable":true,"href":"http:\/\/www.primeranota.cl\/web\/wp-json\/wp\/v2\/comments?post=7482"}],"version-history":[{"count":3,"href":"http:\/\/www.primeranota.cl\/web\/wp-json\/wp\/v2\/posts\/7482\/revisions"}],"predecessor-version":[{"id":7488,"href":"http:\/\/www.primeranota.cl\/web\/wp-json\/wp\/v2\/posts\/7482\/revisions\/7488"}],"wp:featuredmedia":[{"embeddable":true,"href":"http:\/\/www.primeranota.cl\/web\/wp-json\/wp\/v2\/media\/861"}],"wp:attachment":[{"href":"http:\/\/www.primeranota.cl\/web\/wp-json\/wp\/v2\/media?parent=7482"}],"wp:term":[{"taxonomy":"category","embeddable":true,"href":"http:\/\/www.primeranota.cl\/web\/wp-json\/wp\/v2\/categories?post=7482"},{"taxonomy":"post_tag","embeddable":true,"href":"http:\/\/www.primeranota.cl\/web\/wp-json\/wp\/v2\/tags?post=7482"}],"curies":[{"name":"wp","href":"https:\/\/api.w.org\/{rel}","templated":true}]}}