{"id":7500,"date":"2019-05-08T07:58:13","date_gmt":"2019-05-08T11:58:13","guid":{"rendered":"http:\/\/www.primeranota.cl\/web\/?p=7500"},"modified":"2019-05-08T07:58:13","modified_gmt":"2019-05-08T11:58:13","slug":"van-rysselberghe-sobre-ley-de-adopciones-me-parece-un-riesgo-para-los-ninos-que-no-se-priorice-parejas-heterosexuales","status":"publish","type":"post","link":"http:\/\/www.primeranota.cl\/web\/pais\/van-rysselberghe-sobre-ley-de-adopciones-me-parece-un-riesgo-para-los-ninos-que-no-se-priorice-parejas-heterosexuales\/","title":{"rendered":"Van Rysselberghe sobre Ley de Adopciones: &#8220;Me parece un riesgo para los ni\u00f1os&#8221; que no se priorice parejas heterosexuales"},"content":{"rendered":"<p>La senadora UDI\u00a0\u00a0Jacqueline van Rysselberghe manifest\u00f3 que no le gusta la redacci\u00f3n de una de las indicaciones del proyecto de adopciones, propuesta por el Ejecutivo. Esta dice que se evaluar\u00eda \u201cla existencia de un ambiente familiar donde se pueda ejercer adecuadamente el<strong>\u00a0rol de padre y madre<\/strong>\u201c, dejando abierta la posibilidad a la adopci\u00f3n por parte de parejas del mismo sexo.<\/p>\n<p>En entrevista con\u00a0<strong>\u201cLa Ma\u00f1ana Interactiva\u201d de Radio Agricultura<\/strong>, la parlamentaria manifest\u00f3 que la posici\u00f3n su partido es que se priorice el bien superior del ni\u00f1o y que \u201ccreemos que pasa por que se pueda tener un hogar bien constituido y que, adem\u00e1s, se tenga el derecho a que este hogar\u00a0<strong>sea constituido por un pap\u00e1 y una mam\u00e1<\/strong>\u201c.<\/p>\n<p>Sobre la idea del Gobierno sobre el proyecto, la senadora sostuvo que\u00a0<strong>\u201cno es la redacci\u00f3n que m\u00e1s me gusta, para ser sincera\u201d.<\/strong>\u00a0\u201cYo creo que m\u00e1s que decir que jueguen el rol de mam\u00e1 y pap\u00e1,\u00a0<strong>que est\u00e9 constituido por una mam\u00e1 y un pap\u00e1, que no juegue el rol<\/strong>\u201c, precis\u00f3.<\/p>\n<p>Por ejemplo, dijo que \u201cno s\u00e9 si es lo mejor para un ni\u00f1o que sea adoptado por una mujer joven y por el abuelo\u201d, y que se deber\u00eda priorizar las parejas heterosexuales, pues \u201cyo creo que lo mejor para un ni\u00f1o es tener la posibilidad, dado que no tiene una mam\u00e1 y un pap\u00e1, que el Estado le devuelva lo que perdi\u00f3: un pap\u00e1 y una mam\u00e1\u201d.<\/p>\n<p>A\u00f1adi\u00f3 que si se va a\u00a0<strong>\u201cdejar abierta este tipo de parejas, no sean las que est\u00e9n en primer lugar de la fila, me parece un riesgo para los ni\u00f1os\u201d.\u00a0<\/strong><\/p>\n","protected":false},"excerpt":{"rendered":"<p>La senadora UDI\u00a0\u00a0Jacqueline van Rysselberghe manifest\u00f3 que no le gusta la redacci\u00f3n de una de las indicaciones del proyecto de adopciones, propuesta por el Ejecutivo&#8230;.<\/p>\n","protected":false},"author":2,"featured_media":4396,"comment_status":"closed","ping_status":"open","sticky":false,"template":"","format":"standard","meta":{"footnotes":""},"categories":[4,267],"tags":[],"_links":{"self":[{"href":"http:\/\/www.primeranota.cl\/web\/wp-json\/wp\/v2\/posts\/7500"}],"collection":[{"href":"http:\/\/www.primeranota.cl\/web\/wp-json\/wp\/v2\/posts"}],"about":[{"href":"http:\/\/www.primeranota.cl\/web\/wp-json\/wp\/v2\/types\/post"}],"author":[{"embeddable":true,"href":"http:\/\/www.primeranota.cl\/web\/wp-json\/wp\/v2\/users\/2"}],"replies":[{"embeddable":true,"href":"http:\/\/www.primeranota.cl\/web\/wp-json\/wp\/v2\/comments?post=7500"}],"version-history":[{"count":1,"href":"http:\/\/www.primeranota.cl\/web\/wp-json\/wp\/v2\/posts\/7500\/revisions"}],"predecessor-version":[{"id":7501,"href":"http:\/\/www.primeranota.cl\/web\/wp-json\/wp\/v2\/posts\/7500\/revisions\/7501"}],"wp:featuredmedia":[{"embeddable":true,"href":"http:\/\/www.primeranota.cl\/web\/wp-json\/wp\/v2\/media\/4396"}],"wp:attachment":[{"href":"http:\/\/www.primeranota.cl\/web\/wp-json\/wp\/v2\/media?parent=7500"}],"wp:term":[{"taxonomy":"category","embeddable":true,"href":"http:\/\/www.primeranota.cl\/web\/wp-json\/wp\/v2\/categories?post=7500"},{"taxonomy":"post_tag","embeddable":true,"href":"http:\/\/www.primeranota.cl\/web\/wp-json\/wp\/v2\/tags?post=7500"}],"curies":[{"name":"wp","href":"https:\/\/api.w.org\/{rel}","templated":true}]}}