{"id":7539,"date":"2019-05-10T08:31:03","date_gmt":"2019-05-10T12:31:03","guid":{"rendered":"http:\/\/www.primeranota.cl\/web\/?p=7539"},"modified":"2019-05-10T08:31:03","modified_gmt":"2019-05-10T12:31:03","slug":"discusion-de-reforma-previsional-en-la-camara-tensiono-a-la-oposicion","status":"publish","type":"post","link":"http:\/\/www.primeranota.cl\/web\/pais\/discusion-de-reforma-previsional-en-la-camara-tensiono-a-la-oposicion\/","title":{"rendered":"Discusi\u00f3n de reforma previsional en la C\u00e1mara tension\u00f3 a la oposici\u00f3n"},"content":{"rendered":"<p>El mi\u00e9rcoles pasado, el presidente de la comisi\u00f3n de Trabajo de la C\u00e1mara, diputado Ra\u00fal Soto (DC), sali\u00f3 a explicar ante la prensa que a las 9:00 horas de ayer sesionar\u00eda la instancia con dos objetivos: escuchar a los ministros de Hacienda y Trabajo, Nicol\u00e1s Monckeberg y Felipe Larra\u00edn respectivamente, y votar la idea de legislar el proyecto que reforma el sistema de pensiones. &#8220;No podemos estirar m\u00e1s el chicle&#8221;, dec\u00eda en ese momento el falangista asegurando que el Gobierno deb\u00eda llegar con una respuesta al petitotrio de 10 puntos m\u00ednimos fijados por la oposici\u00f3n para respaldar la iniciativa y permitir su avance.<\/p>\n<p>Pero ayer, finalmente, s\u00f3lo se logr\u00f3 un objetivo. La sesi\u00f3n comenz\u00f3 con Soto d\u00e1ndole el paso a cada uno de los ministros presentes -adem\u00e1s estaba el titular de la Segpres, Gonzalo Blumel-, para convencer a la oposici\u00f3n de un voto favorable. El tiempo corr\u00eda y la sesi\u00f3n, que deb\u00eda terminar antes de las 10:30 horas para dar paso al trabajo en Sala, fue ocupada para que los presentes hablaran con holgura. Soto hizo preguntas y les dio el pase a los secretarios de Estado para que respondieran.<\/p>\n<p>Despu\u00e9s le dio la palabra al diputado Patricio Melero (UDI). Fue ah\u00ed cuando la inquietud comenz\u00f3 a tomarse la reuni\u00f3n, especialmente porque las diputadas Karol Cariola, Maite Orsini (RD), Alejandra Sep\u00faveda (FRVS) y Gael Yeomans (IL), presionaban a Soto para que iniciara la votaci\u00f3n. Sep\u00falveda aleg\u00f3 la poca formalidad y seriedad del Ejecutivo al referirse en t\u00e9rminos &#8220;generales&#8221; al petitorio y no llegar con un documento escrito y anunci\u00f3 que votar\u00eda en contra. Dijo no tener confianza en la transmisi\u00f3n oral de \u00e9stos ya que no cree &#8220;en la garant\u00eda de las indicaciones&#8221;. Fue en ese momento el diputado Tucapel Jim\u00e9nez (PPD) propuso posponer la votaci\u00f3n para la pr\u00f3xima sesi\u00f3n, que es el lunes a las 17:00 horas, lo que fue recogido por Soto quien se par\u00f3, toc\u00f3 la campana, dio por cerrada la sesi\u00f3n.<\/p>\n<p>Todo esto en medio de los alegatos de sus compa\u00f1eras y ante la atenta mirada de su jefe de bancada, diputado Gabriel Ascencio. El reglamento y lo pol\u00edtico &#8220;\u00a1\u00bfQu\u00e9 est\u00e1s haciendo?!&#8221;, &#8220;\u00a1Mentiroso!&#8221;, &#8220;\u00a1No pediste la unanimidad para la pr\u00f3xima sesi\u00f3n!&#8221;, &#8220;\u00a1C\u00e1llense!&#8221;, fueron solo algunas de las frases que se escucharon. Unas de los diputados de oposici\u00f3n a Soto, otras de los parlamentarios oficialistas a los de la vereda contraria. Los ministros advirtieron que al no haberse votado, entonces el proyecto deber\u00eda pasar directamente a la Sala, especialmente considerando que la iniciativa ten\u00eda urgencia simple (30 d\u00edas para ser evacuado por la C\u00e1mara respectiva) la que venc\u00eda la noche de ayer.<\/p>\n<p>La incertidumbre entonces fue total, aunque el diputado Soto se mantuvo en su idea de dejarlo para el lunes, seg\u00fan \u00e9l bas\u00e1ndose en el reglamento interno. Pero minutos m\u00e1s tarde fue convocado por la Secretar\u00eda de la Corporaci\u00f3n, en donde se le inform\u00f3 que efectivamente deb\u00eda irse directo al Pleno si es que el Gobierno no tomaba alguna decisi\u00f3n respecto a la urgencia. Fue ah\u00ed que el diputado Gabriel Ascencio (DC) tom\u00f3 la batuta y comenz\u00f3 a hacer gestiones con la Segpres para que resolvieran a la brevedad, todo esto cuando el titular la cartera ya iba de regreso a Santiago.<\/p>\n<p>El problema no solo era reglamentario, sino tambi\u00e9n pol\u00edtico. En sectores de centroizquierda consideran un escenario positivo para el Gobierno y la DC que el proyecto pase directo a la Sala, pues ah\u00ed la falange podr\u00eda manifestar solo una vez su opini\u00f3n y las diferencias internas no ser\u00edan tan llamativas. Lo anterior considerando que Soto no est\u00e1 a favor de respaldarlo, pero esa no es la opini\u00f3n un\u00e1nime de la bancada. De hecho, seg\u00fan las negociaciones entre el Ejecutivo y la falange, se ha considerado que aunque se rechace en la comisi\u00f3n, luego sea aprobado en Sala contando con el apoyo de algunos DC. Ese escenario lo habr\u00eda hecho avanzar m\u00e1s r\u00e1pido. &#8220;Es un error rechazar la idea de legislar. Se puede pagar un costo pol\u00edtico, y al abrirse a legislar, se le pueden hacer modificaciones al proyecto&#8221;, ha dicho por ejemplo el dem\u00f3cratacristiano Jorge Sabag.<\/p>\n<p>Fuente: Emol.com<\/p>\n","protected":false},"excerpt":{"rendered":"<p>El mi\u00e9rcoles pasado, el presidente de la comisi\u00f3n de Trabajo de la C\u00e1mara, diputado Ra\u00fal Soto (DC), sali\u00f3 a explicar ante la prensa que a&#8230;<\/p>\n","protected":false},"author":2,"featured_media":7540,"comment_status":"closed","ping_status":"open","sticky":false,"template":"","format":"standard","meta":{"footnotes":""},"categories":[4,267],"tags":[],"_links":{"self":[{"href":"http:\/\/www.primeranota.cl\/web\/wp-json\/wp\/v2\/posts\/7539"}],"collection":[{"href":"http:\/\/www.primeranota.cl\/web\/wp-json\/wp\/v2\/posts"}],"about":[{"href":"http:\/\/www.primeranota.cl\/web\/wp-json\/wp\/v2\/types\/post"}],"author":[{"embeddable":true,"href":"http:\/\/www.primeranota.cl\/web\/wp-json\/wp\/v2\/users\/2"}],"replies":[{"embeddable":true,"href":"http:\/\/www.primeranota.cl\/web\/wp-json\/wp\/v2\/comments?post=7539"}],"version-history":[{"count":1,"href":"http:\/\/www.primeranota.cl\/web\/wp-json\/wp\/v2\/posts\/7539\/revisions"}],"predecessor-version":[{"id":7541,"href":"http:\/\/www.primeranota.cl\/web\/wp-json\/wp\/v2\/posts\/7539\/revisions\/7541"}],"wp:featuredmedia":[{"embeddable":true,"href":"http:\/\/www.primeranota.cl\/web\/wp-json\/wp\/v2\/media\/7540"}],"wp:attachment":[{"href":"http:\/\/www.primeranota.cl\/web\/wp-json\/wp\/v2\/media?parent=7539"}],"wp:term":[{"taxonomy":"category","embeddable":true,"href":"http:\/\/www.primeranota.cl\/web\/wp-json\/wp\/v2\/categories?post=7539"},{"taxonomy":"post_tag","embeddable":true,"href":"http:\/\/www.primeranota.cl\/web\/wp-json\/wp\/v2\/tags?post=7539"}],"curies":[{"name":"wp","href":"https:\/\/api.w.org\/{rel}","templated":true}]}}