{"id":7548,"date":"2019-05-11T13:25:14","date_gmt":"2019-05-11T17:25:14","guid":{"rendered":"http:\/\/www.primeranota.cl\/web\/?p=7548"},"modified":"2019-05-11T13:25:14","modified_gmt":"2019-05-11T17:25:14","slug":"fiscal-moya-tenia-en-su-casa-celulares-y-discos-duros-de-jueces-investigados","status":"publish","type":"post","link":"http:\/\/www.primeranota.cl\/web\/pais\/fiscal-moya-tenia-en-su-casa-celulares-y-discos-duros-de-jueces-investigados\/","title":{"rendered":"Fiscal Moya ten\u00eda en su casa celulares y discos duros de jueces investigados"},"content":{"rendered":"<p>En el\u00a0<a href=\"https:\/\/www.cooperativa.cl\/noticias\/pais\/judicial\/ministerio-publico\/allanan-casa-de-fiscal-moya-tras-denuncia-de-arias-sobre-operacion\/2019-05-08\/114454.html\">allanamiento realizado el mi\u00e9rcoles por la PDI en la casa del fiscal jefe de Alta Complejidad de Rancagua,\u00a0<strong>Sergio Moya<\/strong><\/a>, se constat\u00f3 que el persecutor\u00a0<strong>manten\u00eda celulares<\/strong>,<strong>discos duros y carpetas de investigaci\u00f3n<\/strong>\u00a0vinculadas con la causa por presunta corrupci\u00f3n en la Corte de Apelaciones de la capital de la Regi\u00f3n de O&#8217;Higgins.<\/p>\n<p>La diligencia intrusiva tuvo lugar luego de que, en el marco del enfrentamiento que mantiene con su superior jer\u00e1rquico, el actualmente suspendido fiscal regional\u00a0<strong>Emiliano Arias<\/strong>, este \u00faltimo denunciara que\u00a0<a href=\"https:\/\/www.cooperativa.cl\/noticias\/pais\/judicial\/ministerio-publico\/abogado-de-arias-acuso-a-moya-de-participar-en-la-operacion-huracan\/2019-05-07\/155312.html\"><strong>Moya estar\u00eda vinculado a la Operaci\u00f3n Hurac\u00e1n<\/strong><\/a>.<\/p>\n<p>Aquello despu\u00e9s de que primero\u00a0<strong><a href=\"https:\/\/www.cooperativa.cl\/noticias\/pais\/judicial\/ministerio-publico\/asociacion-de-fiscales-y-caso-arias-moya-seguir-ventilando-cada-detalle\/2019-04-29\/084718.html\">Moya denunciara a Arias<\/a>\u00a0por tr\u00e1fico de influencias<\/strong>,\u00a0<strong>obstrucci\u00f3n a la justicia y otros il\u00edcitos<\/strong>\u00a0vinculados a irregularidades en la Fiscal\u00eda Regional de O&#8217;Higgins.<\/p>\n<p>En este marco, de acuerdo con\u00a0<em>La Tercera<\/em>, fuentes policiales revelaron que en el allanamiento al domicilio del fiscal, ubicado en Rancagua,\u00a0<strong>la PDI incaut\u00f3 12 celulares<\/strong>,\u00a0<strong>un set de evidencias y los dos discos duros de los\u00a0<a href=\"https:\/\/www.cooperativa.cl\/noticias\/pais\/judicial\/denuncias-de-corrupcion\/caso-corrupcion-en-rancagua-jueces-elgueta-y-vasquez-afrontan-nuevos\/2019-05-02\/174122.html\">jueces Emilio Elgueta y Marcelo V\u00e1squez<\/a><\/strong>, investigados por presunta corrupci\u00f3n, evidencias que tendr\u00edan que haber estado en poder de la Fiscal\u00eda.<\/p>\n<p>Seg\u00fan el matutino, este hecho encendi\u00f3 las alarmas en el Ministerio P\u00fablico, puesto que si estas evidencias no estaban bajo la cadena de custodia correspondiente existe la probabilidad de que\u00a0<strong>el contenido de los dispositivos que guardaba Moya no pueda ser utilizado en la indagatoria contra los magistrados<\/strong>, e incluso la situaci\u00f3n pueda\u00a0ser usada a favor por las defensas de los jueces.<\/p>\n<p><span data-mce-mark=\"1\"><em><strong>La versi\u00f3n de Moya<\/strong><\/em><\/span><\/p>\n<p>Mediante un escrito, Moya explic\u00f3 al Juzgado de Garant\u00eda de Rancagua que\u00a0<strong>los tel\u00e9fonos correspond\u00edan a los abogados que ten\u00edan v\u00ednculos con los jueces investigados<\/strong>, y apunt\u00f3 que esas evidencias estaban en su casa debido a que ese mismo d\u00eda planeaba llevarlas a la\u00a0<strong>Fiscal\u00eda Regional Metropolitana Sur<\/strong>, donde ten\u00eda previsto, al menos hasta el d\u00eda del allanamiento, que funcionara su nueva oficina.<\/p>\n<p>La diligencia fue instruida por un juzgado de Temuco, a solicitud del fiscal regional de Ays\u00e9n,\u00a0<strong>Carlos Palma<\/strong>\u00a0-a cargo del caso Hurac\u00e1n-, luego del correo electr\u00f3nico que entreg\u00f3 Arias durante su declaraci\u00f3n ante su hom\u00f3logo\u00a0<strong>Eugenio Campos<\/strong>, quien lleva la arista penal de la denuncia de Moya en su contra por presunto tr\u00e1fico de influencias y develaci\u00f3n de secreto de causas penales.<\/p>\n<p>Cabe recordar que esta semana, luego del allanamiento, el fiscal nacional,\u00a0<strong>Jorge Abbott<\/strong>,\u00a0<strong>decidi\u00f3\u00a0<a href=\"https:\/\/www.cooperativa.cl\/noticias\/pais\/iglesia-catolica\/jorge-abbott-le-quito-a-la-fiscalia-de-o-higgins-la-investigacion-por\/2019-05-09\/204034.html\">quitarle a la Fiscal\u00eda de O&#8217;Higgins varias causas que investigaba<\/a><\/strong>\u00a0e instruy\u00f3 a\u00a0<a href=\"https:\/\/www.cooperativa.cl\/noticias\/pais\/judicial\/ministerio-publico\/sergio-moya-vuelve-a-la-fiscalia-regional-de-o-higgins\/2019-05-09\/170057.html\">Moya a volver a sus funciones como fiscal de Alta Complejidad<\/a>.<\/p>\n","protected":false},"excerpt":{"rendered":"<p>En el\u00a0allanamiento realizado el mi\u00e9rcoles por la PDI en la casa del fiscal jefe de Alta Complejidad de Rancagua,\u00a0Sergio Moya, se constat\u00f3 que el persecutor\u00a0manten\u00eda&#8230;<\/p>\n","protected":false},"author":2,"featured_media":7140,"comment_status":"closed","ping_status":"open","sticky":false,"template":"","format":"standard","meta":{"footnotes":""},"categories":[4,267],"tags":[],"_links":{"self":[{"href":"http:\/\/www.primeranota.cl\/web\/wp-json\/wp\/v2\/posts\/7548"}],"collection":[{"href":"http:\/\/www.primeranota.cl\/web\/wp-json\/wp\/v2\/posts"}],"about":[{"href":"http:\/\/www.primeranota.cl\/web\/wp-json\/wp\/v2\/types\/post"}],"author":[{"embeddable":true,"href":"http:\/\/www.primeranota.cl\/web\/wp-json\/wp\/v2\/users\/2"}],"replies":[{"embeddable":true,"href":"http:\/\/www.primeranota.cl\/web\/wp-json\/wp\/v2\/comments?post=7548"}],"version-history":[{"count":1,"href":"http:\/\/www.primeranota.cl\/web\/wp-json\/wp\/v2\/posts\/7548\/revisions"}],"predecessor-version":[{"id":7549,"href":"http:\/\/www.primeranota.cl\/web\/wp-json\/wp\/v2\/posts\/7548\/revisions\/7549"}],"wp:featuredmedia":[{"embeddable":true,"href":"http:\/\/www.primeranota.cl\/web\/wp-json\/wp\/v2\/media\/7140"}],"wp:attachment":[{"href":"http:\/\/www.primeranota.cl\/web\/wp-json\/wp\/v2\/media?parent=7548"}],"wp:term":[{"taxonomy":"category","embeddable":true,"href":"http:\/\/www.primeranota.cl\/web\/wp-json\/wp\/v2\/categories?post=7548"},{"taxonomy":"post_tag","embeddable":true,"href":"http:\/\/www.primeranota.cl\/web\/wp-json\/wp\/v2\/tags?post=7548"}],"curies":[{"name":"wp","href":"https:\/\/api.w.org\/{rel}","templated":true}]}}