{"id":7560,"date":"2019-05-12T09:45:49","date_gmt":"2019-05-12T13:45:49","guid":{"rendered":"http:\/\/www.primeranota.cl\/web\/?p=7560"},"modified":"2019-05-12T09:45:49","modified_gmt":"2019-05-12T13:45:49","slug":"operacion-huracan-hector-llaitul-confirma-querella-contra-fiscal-sergio-moya-por-implantacion-de-pruebas-falsas","status":"publish","type":"post","link":"http:\/\/www.primeranota.cl\/web\/pais\/operacion-huracan-hector-llaitul-confirma-querella-contra-fiscal-sergio-moya-por-implantacion-de-pruebas-falsas\/","title":{"rendered":"Operaci\u00f3n Hurac\u00e1n: H\u00e9ctor Llaitul confirma querella contra fiscal Sergio Moya por implantaci\u00f3n de pruebas falsas"},"content":{"rendered":"<p>En el marco de la denuncia del ex fiscal de la Araucan\u00eda, Sergio Moya, contra su colega Emiliano Arias, por tr\u00e1fico de influencias, obstrucci\u00f3n a la investigaci\u00f3n y violaci\u00f3n de secreto, fue revelado por este \u00faltimo el papel \u00abclave\u00bb que habr\u00eda jugado Moya en la implantaci\u00f3n de pruebas contra los comuneros mapuches detenidos en la Operaci\u00f3n Hurac\u00e1n.<\/p>\n<p>La situaci\u00f3n qued\u00f3 en evidencia con la revelaci\u00f3n, por parte de Arias, de un mail y una serie de conversaciones de whatsApp que habr\u00eda sostenido Moya con el ex jefe de inteligencia de Carabineros durante la Operaci\u00f3n Hurac\u00e1n, donde lo \u00abinstru\u00eda\u00bb para presentar las pruebas falsas contra Llaitul.<\/p>\n<p>Por ello, el vocero de la\u00a0Coordinadora Arauco Malleco anunci\u00f3 que presentar\u00e1 una querella en contra de Moya.\u00a0En esa l\u00ednea, agreg\u00f3 que tambi\u00e9n planea denunciar a otros implicados, como el\u00a0ex comandante en jefe de Carabineros, Bruno Villalobos, el\u00a0ex jefe de inteligencia, Patricio Mar\u00edn, o el\u00a0fiscal Luis Arroyo,\u00a0y a todos quienes est\u00e9n implicados en las pr\u00e1cticas de montaje en el curso de investigaciones en Fiscal\u00eda.<\/p>\n<p>\u201cAqu\u00ed hay responsabilidad pol\u00edtica al m\u00e1s alto nivel tambi\u00e9n. Ese es el trasfondo de la querella. En el fondo lo que nosotros queremos es dejar entrever, y que quede medianamente claro, que hay una responsabilidad pol\u00edtica del Estado en su conjunto a la hora de perseguir al pueblo-naci\u00f3n Mapuche\u201d, afirm\u00f3 Llaitul.<\/p>\n<p>Adem\u00e1s, el vocero de la CAM indic\u00f3 que desde su organizaci\u00f3n \u201cse lucha contra los poderosos inversionistas de esta zona, principalmente de la l\u00ednea y de la industria forestal, y que frente a esa confrontaci\u00f3n las autoridades pol\u00edticas se ponen de parte de ellos\u201d.<\/p>\n<p>Sobre Moya, Llaitul relat\u00f3 que \u00abyo lo conozco. De hecho \u00e9l me detuvo una vez en terreno. Extra\u00f1amente andaba con la polic\u00eda. M\u00e1s all\u00e1 de su rol de fiscal, \u00e9l era operativo. Cuando me detuvo, \u00e9l andaba armado.\u00a0Eso me llam\u00f3 la atenci\u00f3n. Me detuvo en Traigu\u00e9n, en la zona de Temulemu, no recuerdo el a\u00f1o. Pero \u00e9l fue el que me detuvo en el contexto de una causa por asociaci\u00f3n il\u00edcita terrorista en la que \u00e9l era el fiscal que estaba a cargo\u00bb.<\/p>\n<p>\u00ab\u00c9l, en ese tiempo, estaba designado como un fiscal especial (\u2026) \u00c9l actu\u00f3 armado en una operaci\u00f3n, junto a personal de Carabineros de civil, en una operaci\u00f3n de inteligencia basada en informantes pagados\u00bb, agreg\u00f3 el representante de la CAM, quien anunci\u00f3 que recurrir\u00e1 a los tribunales de Temuco este lunes 13 de mayo para presentar su querella, en compa\u00f1\u00eda de los abogados Rodrigo Rom\u00e1n y Lorenzo Morales.<\/p>\n<p>En tanto, la abogada del\u00a0Centro de Investigaci\u00f3n y Defensa Sur\u00a0y defensora por los derechos humanos, Karina Riquelme, se\u00f1al\u00f3 sobre este caso que \u00abnosotros\u00a0llevamos a\u00f1os denunciando a los fiscales, existen incluso hoy d\u00eda investigaciones abiertas todav\u00eda respecto de algunos fiscales que nosotros hemos denunciado\u00bb.<\/p>\n<p>\u00abEs muy necesario que una instituci\u00f3n como el Ministerio P\u00fablico tenga mayor control, ya que el poder que ellos obtienen, tanto econ\u00f3mico, con los grandes sueldos que reciben, como tambi\u00e9n el poder punitivo, por dirigir a las polic\u00edas, es\u00a0un poder que hay que controlar porque si no desgraciadamente se puede corromper\u00bb, concluy\u00f3 la abogada.<\/p>\n<p>El Ciudadano<\/p>\n","protected":false},"excerpt":{"rendered":"<p>En el marco de la denuncia del ex fiscal de la Araucan\u00eda, Sergio Moya, contra su colega Emiliano Arias, por tr\u00e1fico de influencias, obstrucci\u00f3n a&#8230;<\/p>\n","protected":false},"author":2,"featured_media":1359,"comment_status":"closed","ping_status":"open","sticky":false,"template":"","format":"standard","meta":{"footnotes":""},"categories":[4,267],"tags":[],"_links":{"self":[{"href":"http:\/\/www.primeranota.cl\/web\/wp-json\/wp\/v2\/posts\/7560"}],"collection":[{"href":"http:\/\/www.primeranota.cl\/web\/wp-json\/wp\/v2\/posts"}],"about":[{"href":"http:\/\/www.primeranota.cl\/web\/wp-json\/wp\/v2\/types\/post"}],"author":[{"embeddable":true,"href":"http:\/\/www.primeranota.cl\/web\/wp-json\/wp\/v2\/users\/2"}],"replies":[{"embeddable":true,"href":"http:\/\/www.primeranota.cl\/web\/wp-json\/wp\/v2\/comments?post=7560"}],"version-history":[{"count":1,"href":"http:\/\/www.primeranota.cl\/web\/wp-json\/wp\/v2\/posts\/7560\/revisions"}],"predecessor-version":[{"id":7561,"href":"http:\/\/www.primeranota.cl\/web\/wp-json\/wp\/v2\/posts\/7560\/revisions\/7561"}],"wp:featuredmedia":[{"embeddable":true,"href":"http:\/\/www.primeranota.cl\/web\/wp-json\/wp\/v2\/media\/1359"}],"wp:attachment":[{"href":"http:\/\/www.primeranota.cl\/web\/wp-json\/wp\/v2\/media?parent=7560"}],"wp:term":[{"taxonomy":"category","embeddable":true,"href":"http:\/\/www.primeranota.cl\/web\/wp-json\/wp\/v2\/categories?post=7560"},{"taxonomy":"post_tag","embeddable":true,"href":"http:\/\/www.primeranota.cl\/web\/wp-json\/wp\/v2\/tags?post=7560"}],"curies":[{"name":"wp","href":"https:\/\/api.w.org\/{rel}","templated":true}]}}