{"id":7597,"date":"2019-05-14T19:11:12","date_gmt":"2019-05-14T23:11:12","guid":{"rendered":"http:\/\/www.primeranota.cl\/web\/?p=7597"},"modified":"2019-05-14T19:11:12","modified_gmt":"2019-05-14T23:11:12","slug":"quintana-y-reimpulso-de-agenda-indigena-del-gobierno-nuevamente-no-hay-acuerdos-con-la-oposicion-ni-comunidades-indigenas","status":"publish","type":"post","link":"http:\/\/www.primeranota.cl\/web\/pais\/quintana-y-reimpulso-de-agenda-indigena-del-gobierno-nuevamente-no-hay-acuerdos-con-la-oposicion-ni-comunidades-indigenas\/","title":{"rendered":"Quintana y reimpulso de agenda ind\u00edgena del Gobierno: \u201cNuevamente no hay acuerdos con la oposici\u00f3n ni comunidades ind\u00edgenas\u201d"},"content":{"rendered":"<p><em>El parlamentario de La Araucan\u00eda y presidente del Senado, Jaime Quintana, manifest\u00f3 \u201cesperar m\u00e1s\u201d del anuncio, sin embargo, comprometi\u00f3 su apoyo en \u201ctodo lo que signifique un beneficio concreto para La Araucan\u00eda.<\/em><\/p>\n<p>Este martes, el Presidente Sebasti\u00e1n Pi\u00f1era, en compa\u00f1\u00eda del ministro de Desarrollo Social y Familia, Alfredo Moreno, firm\u00f3 en La Moneda unas indicaciones a los proyectos de ley que crean el Ministerio y el Consejo de Pueblos Ind\u00edgenas, actualmente en segundo tr\u00e1mite constitucional en el Senado.<\/p>\n<p>Este reimpulso a la agenda ind\u00edgena del gobierno, llega tras permanecer congelada durante seis meses, vi\u00e9ndose relegada a un segundo plano tras la muerte del joven comunero mapuche, Camilo Catrillanca, asesinado el 14 de noviembre del a\u00f1o pasado durante un operativo policial en la comunidad Temucuicui, en Ercilla.<\/p>\n<p><strong>La propuesta<\/strong><\/p>\n<p>La propuesta, seg\u00fan indicaron desde el Ejecutivo, busca generar una institucionalidad m\u00e1s robusta e independiente, que permita coordinar las diversas pol\u00edticas, planes y programas del Estado destinados al fortalecimiento de los derechos de los pueblos ind\u00edgenas.<\/p>\n<p>En esa l\u00ednea, el Presidente firm\u00f3 este martes indicaciones para avanzar en los proyectos que crean el Ministerio de Pueblos Ind\u00edgenas y el Consejo Nacional y Los Consejos de Pueblos Ind\u00edgenas.<\/p>\n<p><strong>\u201cNuevamente no hay acuerdos\u201d<\/strong><\/p>\n<p>Al respecto, el senador de La Araucan\u00eda y presidente del Senado, Jaime Quintana, mostr\u00f3 cierto grado de incredulidad ante las indicaciones, ya que seg\u00fan manifest\u00f3, <em>\u201clos anuncios en materia ind\u00edgena de hoy no son producto de ning\u00fan acuerdo con la oposici\u00f3n ni con las comunidades\u201d. <\/em><\/p>\n<p>\u201c<em>Volvemos a lo mismo. Se contin\u00faan anunciando acciones, pero si no se conversan con los actores principales, no vamos a avanzar por el camino correcto\u201d, <\/em>dijo el parlamentario de La Araucan\u00eda.<\/p>\n<p>Al mismo tiempo, el senador Jaime Quintana, agreg\u00f3 que <em>\u201chabr\u00eda esperado mayor decisi\u00f3n respecto al tema del reconocimiento constitucional. Este es un tema que se viene conversando desde 1990 y donde el actual oficialismo siempre se manifest\u00f3 en contra\u201d.<\/em><\/p>\n<p>Finalmente, el presidente del Senado, no obstante, dijo que <em>\u201chay aspectos de esa agenda que pueden rescatarse. Todo lo que traiga beneficios concretos a La Araucan\u00eda lo vamos a apoyar\u201d.<\/em><\/p>\n","protected":false},"excerpt":{"rendered":"<p>El parlamentario de La Araucan\u00eda y presidente del Senado, Jaime Quintana, manifest\u00f3 \u201cesperar m\u00e1s\u201d del anuncio, sin embargo, comprometi\u00f3 su apoyo en \u201ctodo lo que&#8230;<\/p>\n","protected":false},"author":2,"featured_media":6298,"comment_status":"closed","ping_status":"open","sticky":false,"template":"","format":"standard","meta":{"footnotes":""},"categories":[4,267],"tags":[],"_links":{"self":[{"href":"http:\/\/www.primeranota.cl\/web\/wp-json\/wp\/v2\/posts\/7597"}],"collection":[{"href":"http:\/\/www.primeranota.cl\/web\/wp-json\/wp\/v2\/posts"}],"about":[{"href":"http:\/\/www.primeranota.cl\/web\/wp-json\/wp\/v2\/types\/post"}],"author":[{"embeddable":true,"href":"http:\/\/www.primeranota.cl\/web\/wp-json\/wp\/v2\/users\/2"}],"replies":[{"embeddable":true,"href":"http:\/\/www.primeranota.cl\/web\/wp-json\/wp\/v2\/comments?post=7597"}],"version-history":[{"count":1,"href":"http:\/\/www.primeranota.cl\/web\/wp-json\/wp\/v2\/posts\/7597\/revisions"}],"predecessor-version":[{"id":7598,"href":"http:\/\/www.primeranota.cl\/web\/wp-json\/wp\/v2\/posts\/7597\/revisions\/7598"}],"wp:featuredmedia":[{"embeddable":true,"href":"http:\/\/www.primeranota.cl\/web\/wp-json\/wp\/v2\/media\/6298"}],"wp:attachment":[{"href":"http:\/\/www.primeranota.cl\/web\/wp-json\/wp\/v2\/media?parent=7597"}],"wp:term":[{"taxonomy":"category","embeddable":true,"href":"http:\/\/www.primeranota.cl\/web\/wp-json\/wp\/v2\/categories?post=7597"},{"taxonomy":"post_tag","embeddable":true,"href":"http:\/\/www.primeranota.cl\/web\/wp-json\/wp\/v2\/tags?post=7597"}],"curies":[{"name":"wp","href":"https:\/\/api.w.org\/{rel}","templated":true}]}}