{"id":7601,"date":"2019-05-15T07:51:19","date_gmt":"2019-05-15T11:51:19","guid":{"rendered":"http:\/\/www.primeranota.cl\/web\/?p=7601"},"modified":"2019-05-15T07:51:19","modified_gmt":"2019-05-15T11:51:19","slug":"caso-huracan-acusan-a-fiscal-moya-de-filtrar-allanamiento-a-carabineros","status":"publish","type":"post","link":"http:\/\/www.primeranota.cl\/web\/pais\/caso-huracan-acusan-a-fiscal-moya-de-filtrar-allanamiento-a-carabineros\/","title":{"rendered":"Caso Hurac\u00e1n : Acusan a Fiscal Moya de filtrar allanamiento a Carabineros"},"content":{"rendered":"<p>El capit\u00e1n (r) de Carabineros, Leonardo Osses Sandoval, acus\u00f3 al fiscal de Rancagua Sergio Moya de filtrar y advertir sobre la realizaci\u00f3n de un allanamiento que realizar\u00eda la PDI a la unidad de inteligencia de la polic\u00eda uniformada de La Araucan\u00eda.<\/p>\n<p>Tras esta declaraci\u00f3n emitida por Osses, el magistrado del Juzgado de Garant\u00eda de Temuco, Luis Olivares Apablaza, orden\u00f3 al Ministerio P\u00fablico recopilar todos los antecedentes que puedan constituir delito, relacionados a la denuncia formulada en contra el persecutor.<\/p>\n<p>Ello porque \u00e9ste habr\u00eda infringido la reserva decretada en la investigaci\u00f3n, al advertir a la Direcci\u00f3n de Inteligencia de Carabineros (Dipolcar) de Temuco sobre el registro ordenado a la unidad, a principios de 2018.<\/p>\n<p>Adem\u00e1s, el tribunal fij\u00f3 para el pr\u00f3ximo lunes 20 de mayo, las 8.30 horas, la audiencia de revisi\u00f3n de la prisi\u00f3n preventiva de los imputados en la causa Patricio Mar\u00edn Lazo y Osses Sandoval.<\/p>\n<p>En tanto, el viernes 7 de junio a la misma hora la formalizaci\u00f3n y reformalizaci\u00f3n de la investigaci\u00f3n de las aristas \u201cIquique\u201d, \u201cAndes\u201d y \u201cSan Jos\u00e9 de la Mariquina\u201d, en las que est\u00e1n acusados Marcelo Teuber, Cristi\u00e1n P\u00e9rez, Darwin V\u00e1squez y Manuel Cavieres.<\/p>\n<p>Cabe mencionar que Osses Sandoval fue jefe de la secci\u00f3n de an\u00e1lisis de la extinta Unidad de Inteligencia Operativa Especializada (UIOE) de la instituci\u00f3n en Temuco.<\/p>\n","protected":false},"excerpt":{"rendered":"<p>El capit\u00e1n (r) de Carabineros, Leonardo Osses Sandoval, acus\u00f3 al fiscal de Rancagua Sergio Moya de filtrar y advertir sobre la realizaci\u00f3n de un allanamiento&#8230;<\/p>\n","protected":false},"author":2,"featured_media":7602,"comment_status":"closed","ping_status":"open","sticky":false,"template":"","format":"standard","meta":{"footnotes":""},"categories":[4,267],"tags":[],"_links":{"self":[{"href":"http:\/\/www.primeranota.cl\/web\/wp-json\/wp\/v2\/posts\/7601"}],"collection":[{"href":"http:\/\/www.primeranota.cl\/web\/wp-json\/wp\/v2\/posts"}],"about":[{"href":"http:\/\/www.primeranota.cl\/web\/wp-json\/wp\/v2\/types\/post"}],"author":[{"embeddable":true,"href":"http:\/\/www.primeranota.cl\/web\/wp-json\/wp\/v2\/users\/2"}],"replies":[{"embeddable":true,"href":"http:\/\/www.primeranota.cl\/web\/wp-json\/wp\/v2\/comments?post=7601"}],"version-history":[{"count":1,"href":"http:\/\/www.primeranota.cl\/web\/wp-json\/wp\/v2\/posts\/7601\/revisions"}],"predecessor-version":[{"id":7603,"href":"http:\/\/www.primeranota.cl\/web\/wp-json\/wp\/v2\/posts\/7601\/revisions\/7603"}],"wp:featuredmedia":[{"embeddable":true,"href":"http:\/\/www.primeranota.cl\/web\/wp-json\/wp\/v2\/media\/7602"}],"wp:attachment":[{"href":"http:\/\/www.primeranota.cl\/web\/wp-json\/wp\/v2\/media?parent=7601"}],"wp:term":[{"taxonomy":"category","embeddable":true,"href":"http:\/\/www.primeranota.cl\/web\/wp-json\/wp\/v2\/categories?post=7601"},{"taxonomy":"post_tag","embeddable":true,"href":"http:\/\/www.primeranota.cl\/web\/wp-json\/wp\/v2\/tags?post=7601"}],"curies":[{"name":"wp","href":"https:\/\/api.w.org\/{rel}","templated":true}]}}