{"id":7640,"date":"2019-05-16T13:15:38","date_gmt":"2019-05-16T17:15:38","guid":{"rendered":"http:\/\/www.primeranota.cl\/web\/?p=7640"},"modified":"2019-05-16T13:15:38","modified_gmt":"2019-05-16T17:15:38","slug":"senador-huenchumilla-presenta-proyecto-que-busca-prolongar-autonomia-capacidad-y-autodeterminacion-de-los-adultos-mayores","status":"publish","type":"post","link":"http:\/\/www.primeranota.cl\/web\/pais\/senador-huenchumilla-presenta-proyecto-que-busca-prolongar-autonomia-capacidad-y-autodeterminacion-de-los-adultos-mayores\/","title":{"rendered":"Senador Huenchumilla presenta proyecto que busca prolongar autonom\u00eda, capacidad y autodeterminaci\u00f3n de los adultos mayores"},"content":{"rendered":"<p>La instancia busca adem\u00e1s promover sus derechos y adecuar la legislaci\u00f3n al avance de la ciencia y la medicina<\/p>\n<p>El senador Francisco Huenchumilla se\u00f1al\u00f3 que el presente proyecto de ley propone una modificaci\u00f3n al C\u00f3digo Civil, con el objeto de considerar la situaci\u00f3n de gradualidad del deterioro cognitivo en los adultos mayores que la padecen para la administraci\u00f3n de su patrimonio.<\/p>\n<p>&#8220;Estamos poniendo al C\u00f3digo Civil al d\u00eda de acuerdo con la medicina moderna, tema muy relevante para los adultos mayores&#8221;, afirm\u00f3.<\/p>\n<p>Asimismo, el senador indic\u00f3 que seg\u00fan la Encuesta Nacional de Calidad de Vida del Adulto Mayor (ENCAVIDAM), a junio de 2018 la poblaci\u00f3n de personas mayores en nuestro pa\u00eds (60 a\u00f1os y m\u00e1s) asciende a 2,96 millones de personas, es decir, representa casi el 11% de nuestra poblaci\u00f3n<\/p>\n<p>Adem\u00e1s, Huenchumilla se\u00f1al\u00f3 que hoy la esperanza de vida en Chile es la m\u00e1s alta de Latinoam\u00e9rica (82 a\u00f1os para las mujeres y 77 a\u00f1os para los hombres)  y el proceso de envejecimiento de nuestro pa\u00eds ha sido el m\u00e1s acelerado de la regi\u00f3n, de esta manera para 2050 se estima que dos de cada diez personas en Chile ser\u00e1 adulto mayor.<\/p>\n<p>Tambi\u00e9n, el legislador sostuvo que el Servicio Nacional del Adulto Mayor (SENAMA), estima que de la poblaci\u00f3n de adultos mayores en Chile, m\u00e1s de 180 mil personas presentan alg\u00fan tipo de demencia, entendida por tal, una amplia variedad de s\u00edntomas relacionados con el deterioro de las capacidades de razonamiento, que son lo suficientemente relevantes como para reducir la capacidad de las personas para realizar actividades cotidianas.<\/p>\n<p>&#8220;No obstante la ciencia m\u00e9dica autorizada reconoce que los estados de deterioro cognitivo en adultos mayores cuentan con una gama de gradualidad, pasando por estados leves, moderados y severos, y la legislaci\u00f3n chilena no contempla un tratamiento gradual para estas personas en cuanto a su capacidad jur\u00eddica&#8221;, puntualiz\u00f3.<\/p>\n<p>Finalmente, el legislador aclar\u00f3 que &#8220;el modelo actual de capacidad contemplado en el C\u00f3digo Civil data de 1855, donde la esperanza de vida promedio en nuestro pa\u00eds bordeaba los 25 a\u00f1os. Hoy, la esperanza de vida bordea los 80 a\u00f1os en promedio. Por esta raz\u00f3n, nuestro pa\u00eds no cuenta con una legislaci\u00f3n actualizada que distinga la capacidad jur\u00eddica de personas adultas mayores que tengan grados de discapacidad cognitiva que no sean considerados &#8220;dementes&#8221; o incapaces absolutos&#8221;, concluy\u00f3.<\/p>\n","protected":false},"excerpt":{"rendered":"<p>La instancia busca adem\u00e1s promover sus derechos y adecuar la legislaci\u00f3n al avance de la ciencia y la medicina El senador Francisco Huenchumilla se\u00f1al\u00f3 que&#8230;<\/p>\n","protected":false},"author":2,"featured_media":1073,"comment_status":"closed","ping_status":"open","sticky":false,"template":"","format":"standard","meta":{"footnotes":""},"categories":[4,267],"tags":[],"_links":{"self":[{"href":"http:\/\/www.primeranota.cl\/web\/wp-json\/wp\/v2\/posts\/7640"}],"collection":[{"href":"http:\/\/www.primeranota.cl\/web\/wp-json\/wp\/v2\/posts"}],"about":[{"href":"http:\/\/www.primeranota.cl\/web\/wp-json\/wp\/v2\/types\/post"}],"author":[{"embeddable":true,"href":"http:\/\/www.primeranota.cl\/web\/wp-json\/wp\/v2\/users\/2"}],"replies":[{"embeddable":true,"href":"http:\/\/www.primeranota.cl\/web\/wp-json\/wp\/v2\/comments?post=7640"}],"version-history":[{"count":1,"href":"http:\/\/www.primeranota.cl\/web\/wp-json\/wp\/v2\/posts\/7640\/revisions"}],"predecessor-version":[{"id":7641,"href":"http:\/\/www.primeranota.cl\/web\/wp-json\/wp\/v2\/posts\/7640\/revisions\/7641"}],"wp:featuredmedia":[{"embeddable":true,"href":"http:\/\/www.primeranota.cl\/web\/wp-json\/wp\/v2\/media\/1073"}],"wp:attachment":[{"href":"http:\/\/www.primeranota.cl\/web\/wp-json\/wp\/v2\/media?parent=7640"}],"wp:term":[{"taxonomy":"category","embeddable":true,"href":"http:\/\/www.primeranota.cl\/web\/wp-json\/wp\/v2\/categories?post=7640"},{"taxonomy":"post_tag","embeddable":true,"href":"http:\/\/www.primeranota.cl\/web\/wp-json\/wp\/v2\/tags?post=7640"}],"curies":[{"name":"wp","href":"https:\/\/api.w.org\/{rel}","templated":true}]}}