{"id":7659,"date":"2019-05-17T07:55:50","date_gmt":"2019-05-17T11:55:50","guid":{"rendered":"http:\/\/www.primeranota.cl\/web\/?p=7659"},"modified":"2019-05-17T07:55:50","modified_gmt":"2019-05-17T11:55:50","slug":"maria-angelica-repetto-es-la-nueva-nominada-por-el-gobierno-para-la-suprema-tras-retiro-de-lusic","status":"publish","type":"post","link":"http:\/\/www.primeranota.cl\/web\/pais\/maria-angelica-repetto-es-la-nueva-nominada-por-el-gobierno-para-la-suprema-tras-retiro-de-lusic\/","title":{"rendered":"Mar\u00eda Ang\u00e9lica Repetto es la nueva nominada por el Gobierno para la Suprema tras retiro de Lusic"},"content":{"rendered":"<p>Tras la fallida nominaci\u00f3n ayer de la jueza de la Corte de Apelaciones de Santiago, Dobra Lusic, a la Corte Suprema, el ministro de Justicia, Hern\u00e1n Larra\u00edn dio a conocer el nombre de quien ocupar\u00e1 su lugar en el m\u00e1ximo tribunal.<\/p>\n<p>Se trata de Mar\u00eda Ang\u00e9lica Repetto. La jueza es ministra de la Corte de Apelaciones de Valpara\u00edso, y fue nominada por el Presidente Sebasti\u00e1n Pi\u00f1era luego que ayer el propio mandatario enviara un oficio al Senado retirando el nombre de la magistrada una hora antes de la votaci\u00f3n en la que se iba a realizar la ratificaci\u00f3n del nombramiento, lo que finalmente no ocurri\u00f3, dado los cuestionamientos surgidos en su contra.<\/p>\n<p>El nuevo nombre del Ejecutivo dej\u00f3 atr\u00e1s a los otros integrantes propuestos por la Suprema, los ministros Sergio Mora, Miguel V\u00e1squez y Roberto Contreras.<\/p>\n<p>El nombramiento para reemplazar el cupo del exsupremo Milton Juica estuvo rodeado de pol\u00e9micas en las \u00faltimas semanas. Lusic, nombrada por el gobierno en abril, enfrent\u00f3 una serie de pol\u00e9micas mientras se tramitaba su votaci\u00f3n en la C\u00e1mara Alta.<\/p>\n<p>Sin embargo, la principal pol\u00e9mica que la rode\u00f3 fue el nombramiento del notario interino de la Quinta Notar\u00eda de San Miguel, John Campos. En esta designaci\u00f3n, un informe de la Corte de Apelaciones de San Miguel daba cuenta de una serie de llamados realizados por la cuestionada jueza en favor de la designaci\u00f3n de Campos, quien ten\u00eda antecedentes penales por agresi\u00f3n a menores.<\/p>\n","protected":false},"excerpt":{"rendered":"<p>Tras la fallida nominaci\u00f3n ayer de la jueza de la Corte de Apelaciones de Santiago, Dobra Lusic, a la Corte Suprema, el ministro de Justicia,&#8230;<\/p>\n","protected":false},"author":2,"featured_media":7660,"comment_status":"closed","ping_status":"open","sticky":false,"template":"","format":"standard","meta":{"footnotes":""},"categories":[4,267],"tags":[],"_links":{"self":[{"href":"http:\/\/www.primeranota.cl\/web\/wp-json\/wp\/v2\/posts\/7659"}],"collection":[{"href":"http:\/\/www.primeranota.cl\/web\/wp-json\/wp\/v2\/posts"}],"about":[{"href":"http:\/\/www.primeranota.cl\/web\/wp-json\/wp\/v2\/types\/post"}],"author":[{"embeddable":true,"href":"http:\/\/www.primeranota.cl\/web\/wp-json\/wp\/v2\/users\/2"}],"replies":[{"embeddable":true,"href":"http:\/\/www.primeranota.cl\/web\/wp-json\/wp\/v2\/comments?post=7659"}],"version-history":[{"count":1,"href":"http:\/\/www.primeranota.cl\/web\/wp-json\/wp\/v2\/posts\/7659\/revisions"}],"predecessor-version":[{"id":7661,"href":"http:\/\/www.primeranota.cl\/web\/wp-json\/wp\/v2\/posts\/7659\/revisions\/7661"}],"wp:featuredmedia":[{"embeddable":true,"href":"http:\/\/www.primeranota.cl\/web\/wp-json\/wp\/v2\/media\/7660"}],"wp:attachment":[{"href":"http:\/\/www.primeranota.cl\/web\/wp-json\/wp\/v2\/media?parent=7659"}],"wp:term":[{"taxonomy":"category","embeddable":true,"href":"http:\/\/www.primeranota.cl\/web\/wp-json\/wp\/v2\/categories?post=7659"},{"taxonomy":"post_tag","embeddable":true,"href":"http:\/\/www.primeranota.cl\/web\/wp-json\/wp\/v2\/tags?post=7659"}],"curies":[{"name":"wp","href":"https:\/\/api.w.org\/{rel}","templated":true}]}}