{"id":7664,"date":"2019-05-17T08:07:30","date_gmt":"2019-05-17T12:07:30","guid":{"rendered":"http:\/\/www.primeranota.cl\/web\/?p=7664"},"modified":"2019-05-17T08:07:30","modified_gmt":"2019-05-17T12:07:30","slug":"director-del-ine-por-manipulacion-del-ipc-estamos-muy-golpeados","status":"publish","type":"post","link":"http:\/\/www.primeranota.cl\/web\/pais\/director-del-ine-por-manipulacion-del-ipc-estamos-muy-golpeados\/","title":{"rendered":"Director del INE por manipulaci\u00f3n del IPC: &#8220;Estamos muy golpeados&#8221;"},"content":{"rendered":"<p>El\u00a0<strong>director del Instituto Nacional de Estad\u00edsticas (INE), Guillermo Pattillo,<\/strong>\u00a0entreg\u00f3 la\u00a0<strong>Cuenta P\u00fablica Participativa 2018,<\/strong>\u00a0instancia en la que se refiri\u00f3 a los cuestionamientos en contra de la instituci\u00f3n luego de reconocer los\u00a0<strong>\u201cindicios de manipulaci\u00f3n\u201d<\/strong>\u00a0del IPC durante agosto y septiembre de 2018.<\/p>\n<p>En ese contexto, Pattillo asegur\u00f3 que\u00a0<strong>\u201cestamos golpeados, pero este no es el \u00fanico golpe que hemos recibido, este es uno grande pero no el \u00fanico<\/strong>. Y sin duda, si uno toma acciones severas y no resuelve, claro que entra en crisis. Estamos tomando las acciones m\u00e1s eficaces para que las cosas se aclaren\u201d.<\/p>\n<p><strong>\u201cTengan confianza en que todo lo que estamos haciendo es para tener certeza de los cambios que estamos haciendo y para que este tipo de hechos sean menos probable de realizar\u201d<\/strong>, agreg\u00f3 el director del INE en una ceremonia realizada en el auditorio del nuevo edificio del organismo estad\u00edstico.<\/p>\n<p>Por otro lado, Pattillo present\u00f3 los desaf\u00edos institucionales 2019 \u201ccomo son los avances en la calidad estad\u00edstica de los principales productos; mejoras en la difusi\u00f3n de los mismos y en la relaci\u00f3n con los usuarios; posicionamiento internacional; progresos en el Proyecto de la Ley Sistema Estad\u00edstico Nacional (SEN), en la gesti\u00f3n interna y balance de presupuesto de la instituci\u00f3n\u201d.<\/p>\n","protected":false},"excerpt":{"rendered":"<p>El\u00a0director del Instituto Nacional de Estad\u00edsticas (INE), Guillermo Pattillo,\u00a0entreg\u00f3 la\u00a0Cuenta P\u00fablica Participativa 2018,\u00a0instancia en la que se refiri\u00f3 a los cuestionamientos en contra de la&#8230;<\/p>\n","protected":false},"author":2,"featured_media":7666,"comment_status":"closed","ping_status":"open","sticky":false,"template":"","format":"standard","meta":{"footnotes":""},"categories":[4,267],"tags":[],"_links":{"self":[{"href":"http:\/\/www.primeranota.cl\/web\/wp-json\/wp\/v2\/posts\/7664"}],"collection":[{"href":"http:\/\/www.primeranota.cl\/web\/wp-json\/wp\/v2\/posts"}],"about":[{"href":"http:\/\/www.primeranota.cl\/web\/wp-json\/wp\/v2\/types\/post"}],"author":[{"embeddable":true,"href":"http:\/\/www.primeranota.cl\/web\/wp-json\/wp\/v2\/users\/2"}],"replies":[{"embeddable":true,"href":"http:\/\/www.primeranota.cl\/web\/wp-json\/wp\/v2\/comments?post=7664"}],"version-history":[{"count":1,"href":"http:\/\/www.primeranota.cl\/web\/wp-json\/wp\/v2\/posts\/7664\/revisions"}],"predecessor-version":[{"id":7667,"href":"http:\/\/www.primeranota.cl\/web\/wp-json\/wp\/v2\/posts\/7664\/revisions\/7667"}],"wp:featuredmedia":[{"embeddable":true,"href":"http:\/\/www.primeranota.cl\/web\/wp-json\/wp\/v2\/media\/7666"}],"wp:attachment":[{"href":"http:\/\/www.primeranota.cl\/web\/wp-json\/wp\/v2\/media?parent=7664"}],"wp:term":[{"taxonomy":"category","embeddable":true,"href":"http:\/\/www.primeranota.cl\/web\/wp-json\/wp\/v2\/categories?post=7664"},{"taxonomy":"post_tag","embeddable":true,"href":"http:\/\/www.primeranota.cl\/web\/wp-json\/wp\/v2\/tags?post=7664"}],"curies":[{"name":"wp","href":"https:\/\/api.w.org\/{rel}","templated":true}]}}