{"id":7685,"date":"2019-05-18T08:47:19","date_gmt":"2019-05-18T12:47:19","guid":{"rendered":"http:\/\/www.primeranota.cl\/web\/?p=7685"},"modified":"2019-05-18T08:47:19","modified_gmt":"2019-05-18T12:47:19","slug":"manipulacion-del-ipc-se-produjo-en-tres-meses-de-2018","status":"publish","type":"post","link":"http:\/\/www.primeranota.cl\/web\/pais\/manipulacion-del-ipc-se-produjo-en-tres-meses-de-2018\/","title":{"rendered":"Manipulaci\u00f3n del IPC se produjo en tres meses de 2018"},"content":{"rendered":"<p>El director del\u00a0<strong>Instituto Nacional de Estad\u00edsticas<\/strong>\u00a0(INE),\u00a0<strong>Guillermo Pattillo<\/strong>, detall\u00f3 este viernes que la manipulaci\u00f3n de datos registrada en la cifra del\u00a0<a href=\"https:\/\/www.cooperativa.cl\/noticias\/pais\/consumidores\/inflacion\/ine-detecto-indicios-de-manipulacion-de-la-cifra-del-ipc\/2019-05-13\/155803.html\" target=\"_blank\" rel=\"noopener\"><strong>\u00cdndice de Precios al Consumidor (IPC)<\/strong><\/a>\u00a0afect\u00f3 a tres meses del 2018: agosto, septiembre y noviembre.<\/p>\n<p>De acuerdo con la auditor\u00eda interna efectuada por el INE\u00a0a los a\u00f1os 2016, 2017, 2018 y 2019 y revelada esta tarde por Pattillo, en\u00a0<strong>agosto<\/strong>\u00a0los &#8220;ajustes estad\u00edsticos inv\u00e1lidos&#8221; provocaron que\u00a0<strong>se informara un IPC de 0,2 por ciento pese a que la cifra real era de 0,1 por ciento<\/strong>. A causa de esta manipulaci\u00f3n, el IPC de\u00a0<strong>septiembre<\/strong>\u00a0tuvo una base incorrecta para su c\u00e1lculo pero la cifra informada no result\u00f3 modificada.<\/p>\n<p>&#8220;Si bien en septiembre hubo movimiento aparente de precios no explicado t\u00e9cnicamente (de unos 363 registros), no hay efecto final en el valor del \u00edndice que deb\u00edamos publicar. No obstante, eso s\u00ed impact\u00f3 sobre octubre, dado que se movi\u00f3 la base sobre la que octubre se compara &#8211; y no s\u00f3lo se movi\u00f3 la base total, sino su composici\u00f3n al interior-&#8220;, detall\u00f3 el director del INE.<\/p>\n<p>En\u00a0<strong>octubre<\/strong>, en cambio, pese a que no se detectaron manipulaciones,\u00a0<strong>se inform\u00f3 de un IPC del 0,4 por ciento pese a que el real fue de 0,5 por ciento .\u00a0<\/strong>Lo<strong>\u00a0<\/strong>que se produjo a causa de la base err\u00f3nea generada por las manipulaciones de los meses precedentes. Finalmente en\u00a0<strong>noviembre<\/strong>\u00a0se detectaron m\u00faltiples manipulaciones, pero estas no causaron una divergencia entre la cifra informada y la real.<\/p>\n<div class=\"teads-inread\">\n<div class=\"teads-ui-components-credits\">&#8220;En noviembre tenemos indicios de manipulaci\u00f3n de 113 registros, pero sin efectos en el IPC publicado. Es decir, 113 registros que se mueven en noviembre no alcanzan a impactar en el segundo decimal para afectar el primer decimal con que los datos se publican&#8221;, explic\u00f3 el timonel del INE.<\/div>\n<\/div>\n<p>Pattillo recalc\u00f3 que &#8220;l<strong>a revisi\u00f3n de cada uno de los meses de 2018 nos muestra que &#8216;los ajustes estad\u00edsticos inv\u00e1lidos&#8217;<\/strong>\u00a0<strong>&#8211; como pidi\u00f3 llamarlos- se circunscriben a los meses de agosto, septiembre y noviembre. No hay y no encontramos ninguna evidencia de ese tipo de ajuste en otros meses&#8221;.<\/strong><\/p>\n","protected":false},"excerpt":{"rendered":"<p>El director del\u00a0Instituto Nacional de Estad\u00edsticas\u00a0(INE),\u00a0Guillermo Pattillo, detall\u00f3 este viernes que la manipulaci\u00f3n de datos registrada en la cifra del\u00a0\u00cdndice de Precios al Consumidor (IPC)\u00a0afect\u00f3&#8230;<\/p>\n","protected":false},"author":2,"featured_media":7666,"comment_status":"closed","ping_status":"open","sticky":false,"template":"","format":"standard","meta":{"footnotes":""},"categories":[4,267],"tags":[],"_links":{"self":[{"href":"http:\/\/www.primeranota.cl\/web\/wp-json\/wp\/v2\/posts\/7685"}],"collection":[{"href":"http:\/\/www.primeranota.cl\/web\/wp-json\/wp\/v2\/posts"}],"about":[{"href":"http:\/\/www.primeranota.cl\/web\/wp-json\/wp\/v2\/types\/post"}],"author":[{"embeddable":true,"href":"http:\/\/www.primeranota.cl\/web\/wp-json\/wp\/v2\/users\/2"}],"replies":[{"embeddable":true,"href":"http:\/\/www.primeranota.cl\/web\/wp-json\/wp\/v2\/comments?post=7685"}],"version-history":[{"count":1,"href":"http:\/\/www.primeranota.cl\/web\/wp-json\/wp\/v2\/posts\/7685\/revisions"}],"predecessor-version":[{"id":7686,"href":"http:\/\/www.primeranota.cl\/web\/wp-json\/wp\/v2\/posts\/7685\/revisions\/7686"}],"wp:featuredmedia":[{"embeddable":true,"href":"http:\/\/www.primeranota.cl\/web\/wp-json\/wp\/v2\/media\/7666"}],"wp:attachment":[{"href":"http:\/\/www.primeranota.cl\/web\/wp-json\/wp\/v2\/media?parent=7685"}],"wp:term":[{"taxonomy":"category","embeddable":true,"href":"http:\/\/www.primeranota.cl\/web\/wp-json\/wp\/v2\/categories?post=7685"},{"taxonomy":"post_tag","embeddable":true,"href":"http:\/\/www.primeranota.cl\/web\/wp-json\/wp\/v2\/tags?post=7685"}],"curies":[{"name":"wp","href":"https:\/\/api.w.org\/{rel}","templated":true}]}}