{"id":7703,"date":"2019-05-19T10:11:27","date_gmt":"2019-05-19T14:11:27","guid":{"rendered":"http:\/\/www.primeranota.cl\/web\/?p=7703"},"modified":"2019-05-19T10:11:43","modified_gmt":"2019-05-19T14:11:43","slug":"diputado-miguel-crispi-critica-a-fuad-chahin-me-parece-que-es-super-insolente","status":"publish","type":"post","link":"http:\/\/www.primeranota.cl\/web\/pais\/diputado-miguel-crispi-critica-a-fuad-chahin-me-parece-que-es-super-insolente\/","title":{"rendered":"Diputado Miguel Crispi critica a Fuad Chah\u00edn: &#8220;Me parece que es s\u00faper insolente&#8221;"},"content":{"rendered":"<p>En entrevista con\u00a0<strong>\u201cLa Ma\u00f1ana Interactiva\u201d de Radio Agricultura<\/strong>, Crisipi contest\u00f3 que\u00a0<strong>\u201ca Fuad no le voy a responder. Me parece insolente, irrespetuoso y falsa su afirmaci\u00f3n\u201d.\u00a0<\/strong><\/p>\n<p>Con respecto a la votaci\u00f3n de la reforma a las pensiones, el diputado adelant\u00f3 que\u00a0<strong>votar\u00e1 en contra del proyecto.<\/strong>\u00a0\u201cCuando el gobierno dice hacer una reforma, uno espera un giro, empecemos a hacer las distinto\u201d, dijo, y agreg\u00f3 que en este proyecto tienen que ser consecuentes con su idea de \u201cNo + AFP\u201d.<\/p>\n<p>Para explicar por qu\u00e9 el Frente Amplio vota en contra de las ideas de legislar los proyectos del gobierno, el diputado explic\u00f3 que \u201c<strong>cuando aprobamos una idea de legislar que va en una direcci\u00f3n contraria a lo que yo creo, no vamos a poder en el camino hacer indicaciones para ir en la direcci\u00f3n contraria\u201d.\u00a0<\/strong><\/p>\n<p>Agreg\u00f3 que \u201cnos jugamos en la idea de legislar porque es el punto m\u00e1s importante, m\u00e1s que la votaci\u00f3n final, porque ah\u00ed uno vota el coraz\u00f3n del proyecto\u201d.<\/p>\n","protected":false},"excerpt":{"rendered":"<p>En entrevista con\u00a0\u201cLa Ma\u00f1ana Interactiva\u201d de Radio Agricultura, Crisipi contest\u00f3 que\u00a0\u201ca Fuad no le voy a responder. Me parece insolente, irrespetuoso y falsa su afirmaci\u00f3n\u201d.\u00a0&#8230;<\/p>\n","protected":false},"author":2,"featured_media":2034,"comment_status":"closed","ping_status":"open","sticky":false,"template":"","format":"standard","meta":{"footnotes":""},"categories":[4,267],"tags":[],"_links":{"self":[{"href":"http:\/\/www.primeranota.cl\/web\/wp-json\/wp\/v2\/posts\/7703"}],"collection":[{"href":"http:\/\/www.primeranota.cl\/web\/wp-json\/wp\/v2\/posts"}],"about":[{"href":"http:\/\/www.primeranota.cl\/web\/wp-json\/wp\/v2\/types\/post"}],"author":[{"embeddable":true,"href":"http:\/\/www.primeranota.cl\/web\/wp-json\/wp\/v2\/users\/2"}],"replies":[{"embeddable":true,"href":"http:\/\/www.primeranota.cl\/web\/wp-json\/wp\/v2\/comments?post=7703"}],"version-history":[{"count":2,"href":"http:\/\/www.primeranota.cl\/web\/wp-json\/wp\/v2\/posts\/7703\/revisions"}],"predecessor-version":[{"id":7705,"href":"http:\/\/www.primeranota.cl\/web\/wp-json\/wp\/v2\/posts\/7703\/revisions\/7705"}],"wp:featuredmedia":[{"embeddable":true,"href":"http:\/\/www.primeranota.cl\/web\/wp-json\/wp\/v2\/media\/2034"}],"wp:attachment":[{"href":"http:\/\/www.primeranota.cl\/web\/wp-json\/wp\/v2\/media?parent=7703"}],"wp:term":[{"taxonomy":"category","embeddable":true,"href":"http:\/\/www.primeranota.cl\/web\/wp-json\/wp\/v2\/categories?post=7703"},{"taxonomy":"post_tag","embeddable":true,"href":"http:\/\/www.primeranota.cl\/web\/wp-json\/wp\/v2\/tags?post=7703"}],"curies":[{"name":"wp","href":"https:\/\/api.w.org\/{rel}","templated":true}]}}