{"id":7721,"date":"2019-05-19T18:55:33","date_gmt":"2019-05-19T22:55:33","guid":{"rendered":"http:\/\/www.primeranota.cl\/web\/?p=7721"},"modified":"2019-05-19T18:57:00","modified_gmt":"2019-05-19T22:57:00","slug":"pesar-en-el-mundo-politico-por-muerte-de-carlos-altamirano","status":"publish","type":"post","link":"http:\/\/www.primeranota.cl\/web\/pais\/pesar-en-el-mundo-politico-por-muerte-de-carlos-altamirano\/","title":{"rendered":"Pesar en el mundo pol\u00edtico por muerte de Carlos Altamirano"},"content":{"rendered":"<p>Durante la tarde de este domingo, el Partido Socialista confirm\u00f3 el fallecimiento de Carlos Altamirano Orrego, ex Secretario General del partido durante el per\u00edodo de la Unidad Popular (UP), quien muri\u00f3 a los 96 a\u00f1os.<\/p>\n<p>El exdirigente se encontraba alejando de la vida p\u00fablica a causa de su avanzada edad.<\/p>\n<p>El\u00a0<strong>exdiputado y exsenador fue secretario general del partido durante la Unidad Popular y se identific\u00f3 con el ala m\u00e1s radical del partido<\/strong>. Esto incidi\u00f3 en que lo sindicaran como uno de los responsables de precipitar su derrocamiento, lo que \u00e9l descart\u00f3 en repetidas ocasiones.<\/p>\n<p><strong>\u201cMientras yo sea el gran culpable del fracaso de Allende, todos los dem\u00e1s pueden dormir tranquilos\u201d<\/strong>, dijo en un libro de entrevistas publicado por la periodista Patricia Politzer en 1990.<\/p>\n<p>Tras el golpe se convirti\u00f3 en uno de los dirigentes pol\u00edticos m\u00e1s buscados por la dictadura, pero logr\u00f3 huir de manera clandestina del pa\u00eds.<\/p>\n<p>A\u00f1os m\u00e1s tarde, desde el exilio,\u00a0<strong>fue uno de los art\u00edfices de \u201crenovaci\u00f3n socialista\u201d, pero con el retorno de la democracia evit\u00f3 volver a ocupar cualquier posici\u00f3n de primera l\u00ednea.\u00a0<\/strong><\/p>\n<p><strong>Una de sus \u00faltimas apariciones p\u00fablicas la realiz\u00f3 en el a\u00f1o 2016, con motivo del fallecimiento del expresidente Patricio Aylwin.\u00a0<\/strong><\/p>\n<h3>TRISTEZA POR SU PARTIDA<\/h3>\n<p>El\u00a0<strong>senador Jos\u00e9 Miguel Insulza<\/strong>\u00a0escribi\u00f3 en su cuenta de Twitter:\u00a0<strong>\u201cConmovido por la triste noticia del fallecimiento de nuestro compa\u00f1ero Carlos Altamirano, gran figura de la historia del\u00a0<\/strong><strong><a href=\"https:\/\/twitter.com\/PSChile\">@PSChile<\/a>\u00a0<\/strong><strong>y el movimiento popular chileno. Descanse en paz\u201d<\/strong>.<\/p>\n<p>La\u00a0<strong>diputada Maya Fern\u00e1ndez<\/strong>\u00a0sostuvo en su cuenta de Twitter que\u00a0<strong>\u201cha partido con \u00e9l pare importante de la historia de nuestro partido\u201d.<\/strong><\/p>\n<p>El\u00a0<strong>diputado Gabriel Boric, del Movimiento Autonomista<\/strong>, destac\u00f3 el car\u00e1cter de \u201cfigura pol\u00e9mica de la izquierda y llena de mitos, pero de quien nuevas generaciones tenemos mucho que aprender\u201d.<\/p>\n<p>&nbsp;<\/p>\n","protected":false},"excerpt":{"rendered":"<p>Durante la tarde de este domingo, el Partido Socialista confirm\u00f3 el fallecimiento de Carlos Altamirano Orrego, ex Secretario General del partido durante el per\u00edodo de&#8230;<\/p>\n","protected":false},"author":2,"featured_media":7722,"comment_status":"closed","ping_status":"open","sticky":false,"template":"","format":"standard","meta":{"footnotes":""},"categories":[4,267],"tags":[],"_links":{"self":[{"href":"http:\/\/www.primeranota.cl\/web\/wp-json\/wp\/v2\/posts\/7721"}],"collection":[{"href":"http:\/\/www.primeranota.cl\/web\/wp-json\/wp\/v2\/posts"}],"about":[{"href":"http:\/\/www.primeranota.cl\/web\/wp-json\/wp\/v2\/types\/post"}],"author":[{"embeddable":true,"href":"http:\/\/www.primeranota.cl\/web\/wp-json\/wp\/v2\/users\/2"}],"replies":[{"embeddable":true,"href":"http:\/\/www.primeranota.cl\/web\/wp-json\/wp\/v2\/comments?post=7721"}],"version-history":[{"count":3,"href":"http:\/\/www.primeranota.cl\/web\/wp-json\/wp\/v2\/posts\/7721\/revisions"}],"predecessor-version":[{"id":7725,"href":"http:\/\/www.primeranota.cl\/web\/wp-json\/wp\/v2\/posts\/7721\/revisions\/7725"}],"wp:featuredmedia":[{"embeddable":true,"href":"http:\/\/www.primeranota.cl\/web\/wp-json\/wp\/v2\/media\/7722"}],"wp:attachment":[{"href":"http:\/\/www.primeranota.cl\/web\/wp-json\/wp\/v2\/media?parent=7721"}],"wp:term":[{"taxonomy":"category","embeddable":true,"href":"http:\/\/www.primeranota.cl\/web\/wp-json\/wp\/v2\/categories?post=7721"},{"taxonomy":"post_tag","embeddable":true,"href":"http:\/\/www.primeranota.cl\/web\/wp-json\/wp\/v2\/tags?post=7721"}],"curies":[{"name":"wp","href":"https:\/\/api.w.org\/{rel}","templated":true}]}}