{"id":7928,"date":"2019-05-30T15:23:33","date_gmt":"2019-05-30T19:23:33","guid":{"rendered":"http:\/\/www.primeranota.cl\/web\/?p=7928"},"modified":"2019-05-30T15:24:47","modified_gmt":"2019-05-30T19:24:47","slug":"huenchumilla-espera-aprobacion-de-proyecto-de-contaminacion-visual-y-establece-retiro-de-cables-aereos-en-desuso","status":"publish","type":"post","link":"http:\/\/www.primeranota.cl\/web\/pais\/huenchumilla-espera-aprobacion-de-proyecto-de-contaminacion-visual-y-establece-retiro-de-cables-aereos-en-desuso\/","title":{"rendered":"Huenchumilla espera  aprobaci\u00f3n de proyecto de contaminaci\u00f3n visual y establece retiro de cables a\u00e9reos en desuso"},"content":{"rendered":"<p class=\"gmail-MsoHeader\"><b><span lang=\"ES\">Ad portas que sea votado en la sala de la C\u00e1mara Alta, el senador Francisco Huenchumilla, defini\u00f3 como un avance la inminente aprobaci\u00f3n del proyecto que modifica la ley 18.168, General de Telecomunicaciones, para regular el tendido de cables a\u00e9reos.<\/span><\/b><b><span lang=\"ES\">\u00a0<\/span><\/b><\/p>\n<p class=\"gmail-MsoHeader\"><span lang=\"ES\">Al respecto, el parlamentario se\u00f1al\u00f3 que el cuerpo legal tiene por objeto establecer que &#8220;las concesionarias y permisionarias que cuenten con l\u00edneas a\u00e9reas o subterr\u00e1neas de servicios de telecomunicaciones, tales como l\u00edneas, cables, ductos, poliductos, microductos, crucetas, anclajes, tirantes, cajas de control, acometidas, gabinetes, armarios, mufas, c\u00e1maras y todo otro elemento perteneciente a la red, ser\u00e1n responsables de su adecuada instalaci\u00f3n, identificaci\u00f3n, modificaci\u00f3n, mantenci\u00f3n, ordenaci\u00f3n, traslado y retiro&#8221;.<\/span><span lang=\"ES\">\u00a0<\/span><\/p>\n<p class=\"gmail-MsoHeader\"><span lang=\"ES\">Asimismo, el senador detall\u00f3 que en caso que dichos elementos hayan dejado de ser utilizados para los fines del o los servicios autorizados, ser\u00e1n calificados como desechos y deber\u00e1n ser retirados por la respectiva concesionaria o permisionaria a su costa, en el lapso y de acuerdo a los criterios, procedimiento y mecanismos de resoluci\u00f3n de discrepancias establecidos en la citada normativa t\u00e9cnica, la que podr\u00e1 contemplar planes de retiro y ordenaci\u00f3n programados y coordinados con las autoridades comunales y regionales&#8221;.<\/span><span lang=\"ES\">\u00a0<\/span><\/p>\n<p class=\"gmail-MsoHeader\"><span lang=\"ES\">Adem\u00e1s, Huenchumilla agreg\u00f3 que el plazo para proceder a su ordenaci\u00f3n o retiro no podr\u00e1 superar los 5 meses desde la calificaci\u00f3n de desecho, salvo en aquellos casos justificados que se se\u00f1alen en la citada normativa.<\/span><span lang=\"ES\">\u00a0<\/span><\/p>\n<p class=\"gmail-MsoHeader\"><span lang=\"ES\">&#8220;Cualquier da\u00f1o o perjuicio que se genere producto de estos trabajos ser\u00e1 de exclusiva responsabilidad de la concesionaria o permisionaria. El incumplimiento de esta obligaci\u00f3n ser\u00e1 sancionado de conformidad a las disposiciones de la ley N\u00b0 18.287, que establece procedimiento ante los Juzgados de Polic\u00eda Local, con una multa a beneficio municipal de 100 a 1.000 unidades tributarias mensuales&#8221;, es decir de $4.835.300 a $48.353.000&#8243; afirm\u00f3 el legislador.<\/span><span lang=\"ES\">\u00a0<\/span><\/p>\n<p class=\"gmail-MsoHeader\"><span lang=\"ES\">Finalmente, el representante de La Araucan\u00eda coment\u00f3 que en caso de no proceder la concesionaria o permisionaria al retiro requerido dentro de plazo, los municipios podr\u00e1n retirar estos elementos a costa de aqu\u00e9llas, y la Municipalidad no ser\u00e1 responsable por la afectaci\u00f3n de los servicios en que pudiera incurrirse en la acci\u00f3n de retiro realizada conforme a esta disposici\u00f3n, que ser\u00e1 de responsabilidad de la concesionaria o permisionaria obligada.<\/span><\/p>\n","protected":false},"excerpt":{"rendered":"<p>Ad portas que sea votado en la sala de la C\u00e1mara Alta, el senador Francisco Huenchumilla, defini\u00f3 como un avance la inminente aprobaci\u00f3n del proyecto&#8230;<\/p>\n","protected":false},"author":2,"featured_media":7152,"comment_status":"closed","ping_status":"open","sticky":false,"template":"","format":"standard","meta":{"footnotes":""},"categories":[4,267],"tags":[],"_links":{"self":[{"href":"http:\/\/www.primeranota.cl\/web\/wp-json\/wp\/v2\/posts\/7928"}],"collection":[{"href":"http:\/\/www.primeranota.cl\/web\/wp-json\/wp\/v2\/posts"}],"about":[{"href":"http:\/\/www.primeranota.cl\/web\/wp-json\/wp\/v2\/types\/post"}],"author":[{"embeddable":true,"href":"http:\/\/www.primeranota.cl\/web\/wp-json\/wp\/v2\/users\/2"}],"replies":[{"embeddable":true,"href":"http:\/\/www.primeranota.cl\/web\/wp-json\/wp\/v2\/comments?post=7928"}],"version-history":[{"count":3,"href":"http:\/\/www.primeranota.cl\/web\/wp-json\/wp\/v2\/posts\/7928\/revisions"}],"predecessor-version":[{"id":7931,"href":"http:\/\/www.primeranota.cl\/web\/wp-json\/wp\/v2\/posts\/7928\/revisions\/7931"}],"wp:featuredmedia":[{"embeddable":true,"href":"http:\/\/www.primeranota.cl\/web\/wp-json\/wp\/v2\/media\/7152"}],"wp:attachment":[{"href":"http:\/\/www.primeranota.cl\/web\/wp-json\/wp\/v2\/media?parent=7928"}],"wp:term":[{"taxonomy":"category","embeddable":true,"href":"http:\/\/www.primeranota.cl\/web\/wp-json\/wp\/v2\/categories?post=7928"},{"taxonomy":"post_tag","embeddable":true,"href":"http:\/\/www.primeranota.cl\/web\/wp-json\/wp\/v2\/tags?post=7928"}],"curies":[{"name":"wp","href":"https:\/\/api.w.org\/{rel}","templated":true}]}}