{"id":7957,"date":"2019-06-01T09:24:08","date_gmt":"2019-06-01T13:24:08","guid":{"rendered":"http:\/\/www.primeranota.cl\/web\/?p=7957"},"modified":"2019-06-01T09:24:08","modified_gmt":"2019-06-01T13:24:08","slug":"desbordes-este-ha-sido-un-ano-muy-exitoso-para-el-gobierno","status":"publish","type":"post","link":"http:\/\/www.primeranota.cl\/web\/pais\/desbordes-este-ha-sido-un-ano-muy-exitoso-para-el-gobierno\/","title":{"rendered":"Desbordes: &#8221; Este ha sido un a\u00f1o muy exitoso para el gobierno&#8221;"},"content":{"rendered":"<p>Tras la reuni\u00f3n de coordinaci\u00f3n de Chile Vamos, el<strong>\u00a0presidente de Renovaci\u00f3n Nacional (RN), diputado Mario Desbordes,<\/strong>\u00a0en su calidad de vocero de la coalici\u00f3n, apunt\u00f3 que este s\u00e1bado la Cuenta P\u00fablica estar\u00e1 elaborada por un recuento de un a\u00f1o que ha sido muy exitoso.<\/p>\n<p><strong>\u201cEspero que el Presidente Sebasti\u00e1n Pi\u00f1era efect\u00fae una cuenta s\u00f3lida de lo que se ha hecho hasta ahora\u201d<\/strong>, indic\u00f3.<\/p>\n<p>En ese sentido, el timonel de la colectividad\u00a0<strong>anticip\u00f3 que el discurso del Mandatario se centrar\u00e1 en \u00e1reas que la gente m\u00e1s pide, as\u00ed como tambi\u00e9n en c\u00f3mo se avanza en proyectos para la clase media, en seguridad y tranquilidad para la ciudadan\u00eda, y en c\u00f3mo se va a activar con m\u00e1s fuerza la econom\u00eda.<\/strong><\/p>\n<p><strong>\u201cEs muy importante repasar ante la opini\u00f3n p\u00fablica lo que se ha realizado, porque es harto.<\/strong>\u00a0En segundo lugar, habr\u00e1 anuncios importantes en materia de seguridad, en materia de la clase media protegida. El Presidente har\u00e1 nuevamente un llamado a buscar acuerdos\u201d, indic\u00f3.<\/p>\n<p>Desbordes agreg\u00f3 que el Mandatario le contar\u00e1 a la gente sobre los proyectos de ley enviados, de las iniciativas que se han tomado, de las cosas que han podido avanzar y de aquellas que no, porque, por ejemplo, \u201cllevamos un a\u00f1o tratando que la oposici\u00f3n permita avanzar en la Reforma Tributaria\u201d.<\/p>\n<p>Anticip\u00f3 tambi\u00e9n que el mensaje presidencial tendr\u00e1 anuncios en t\u00e9rminos institucionales, en aspectos que tienen que ver con el desarrollo para el pa\u00eds, en c\u00f3mo se enfrentar\u00e1 un a\u00f1o dif\u00edcil para la econom\u00eda del mundo, sobre todo a ra\u00edz de la guerra comercial entre Estados Unidos y China.<\/p>\n<p><strong>\u201cTenemos un a\u00f1o complicado, pero es un a\u00f1o en el que hay que mirar las cosas en la perspectiva justa.<\/strong>\u00a0A\u00fan si creci\u00e9ramos al 3 \u00f3 3,2 por ciento, seguimos creciendo m\u00e1s del doble de lo que se hab\u00eda crecido en el Gobierno anterior\u201d, manifest\u00f3 el legislador.<\/p>\n<p>En este sentido indic\u00f3 que \u201chay gente que le molesta que uno se compare con el Gobierno anterior y que incluso dicen \u2018\u00bfhasta cu\u00e1ndo se comparan con el Gobierno anterior?\u2019 \u00bfPor qu\u00e9 les molesta? Porque la comparaci\u00f3n es muy favorable para el Presidente Pi\u00f1era y para nuestro Gobierno\u201d.<\/p>\n<h3><strong>\u00a0<\/strong><strong>\u201cDEJAR DE LADO EL OBSTRUCCIONISMO\u201d<\/strong><\/h3>\n<p>El timonel de Renovaci\u00f3n Nacional, adem\u00e1s, se refiri\u00f3 al comportamiento que ha tenido la oposici\u00f3n en lo que va la administraci\u00f3n del Presidente Pi\u00f1era y llam\u00f3 a no enga\u00f1ar a la ciudadan\u00eda con mentiras.<\/p>\n<p><strong>\u201cHago un llamado a la oposici\u00f3n a dejar de lado el obstruccionismo. A terminar con esta campa\u00f1a negra, donde est\u00e1 todo mal.<\/strong>\u00a0A dejar de lado actitudes en las que se pretende enga\u00f1ar a los chilenos, creyendo que son tontos y que no se dan cuenta de las cosas que se dicen son falsas. Tambi\u00e9n a dejar de enga\u00f1ar a la gente dici\u00e9ndole que este Gobierno no ha cumplido sus promesas, cuando s\u00ed lo est\u00e1 haciendo. Y a tener una actitud distinta, m\u00e1s republicana, que el a\u00f1o pasado no vimos. La oposici\u00f3n hasta hoy, salvo un grupo peque\u00f1o de diputados DC, radicales y del PPD que est\u00e1n dispuestos a aprobar o rechazar un proyecto en su m\u00e9rito, rechaza las iniciativas solo porque son del Gobierno y no tiene ning\u00fan problema en da\u00f1ar a la ciudadan\u00eda con tal de provocarle un menoscabo, una \u2018rayita de pintura\u2019, a nuestro Gobierno. Eso se llama obstruccionismo\u201d, enfatiz\u00f3.<\/p>\n<p>A\u00f1adi\u00f3 que \u201ceso ha sido hasta ahora lo que ha hecho una oposici\u00f3n dividida que no es capaz de ponerse de acuerdo en nada, salvo en rechazar por rechazar. Ojal\u00e1 eso cambie. La ciudadan\u00eda nos pide a gritos que nos pongamos de acuerdo. La voluntad, por lo menos en Chile Vamos y en el Gobierno, est\u00e1. Dejar de pelear, de discutir, y tratar de una vez por todas de solucionar los problemas que aquejan a la ciudadan\u00eda\u201d.<\/p>\n","protected":false},"excerpt":{"rendered":"<p>Tras la reuni\u00f3n de coordinaci\u00f3n de Chile Vamos, el\u00a0presidente de Renovaci\u00f3n Nacional (RN), diputado Mario Desbordes,\u00a0en su calidad de vocero de la coalici\u00f3n, apunt\u00f3 que&#8230;<\/p>\n","protected":false},"author":2,"featured_media":4748,"comment_status":"closed","ping_status":"open","sticky":false,"template":"","format":"standard","meta":{"footnotes":""},"categories":[4,267],"tags":[],"_links":{"self":[{"href":"http:\/\/www.primeranota.cl\/web\/wp-json\/wp\/v2\/posts\/7957"}],"collection":[{"href":"http:\/\/www.primeranota.cl\/web\/wp-json\/wp\/v2\/posts"}],"about":[{"href":"http:\/\/www.primeranota.cl\/web\/wp-json\/wp\/v2\/types\/post"}],"author":[{"embeddable":true,"href":"http:\/\/www.primeranota.cl\/web\/wp-json\/wp\/v2\/users\/2"}],"replies":[{"embeddable":true,"href":"http:\/\/www.primeranota.cl\/web\/wp-json\/wp\/v2\/comments?post=7957"}],"version-history":[{"count":1,"href":"http:\/\/www.primeranota.cl\/web\/wp-json\/wp\/v2\/posts\/7957\/revisions"}],"predecessor-version":[{"id":7958,"href":"http:\/\/www.primeranota.cl\/web\/wp-json\/wp\/v2\/posts\/7957\/revisions\/7958"}],"wp:featuredmedia":[{"embeddable":true,"href":"http:\/\/www.primeranota.cl\/web\/wp-json\/wp\/v2\/media\/4748"}],"wp:attachment":[{"href":"http:\/\/www.primeranota.cl\/web\/wp-json\/wp\/v2\/media?parent=7957"}],"wp:term":[{"taxonomy":"category","embeddable":true,"href":"http:\/\/www.primeranota.cl\/web\/wp-json\/wp\/v2\/categories?post=7957"},{"taxonomy":"post_tag","embeddable":true,"href":"http:\/\/www.primeranota.cl\/web\/wp-json\/wp\/v2\/tags?post=7957"}],"curies":[{"name":"wp","href":"https:\/\/api.w.org\/{rel}","templated":true}]}}