{"id":7961,"date":"2019-06-01T09:42:08","date_gmt":"2019-06-01T13:42:08","guid":{"rendered":"http:\/\/www.primeranota.cl\/web\/?p=7961"},"modified":"2019-06-01T09:42:08","modified_gmt":"2019-06-01T13:42:08","slug":"proyecto-los-parlamentarios-que-sean-candidatos-a-la-presidencia-de-la-republica-y-pierdan-salgan-del-congreso","status":"publish","type":"post","link":"http:\/\/www.primeranota.cl\/web\/pais\/proyecto-los-parlamentarios-que-sean-candidatos-a-la-presidencia-de-la-republica-y-pierdan-salgan-del-congreso\/","title":{"rendered":"Proyecto: los parlamentarios que sean candidatos a la Presidencia de la Rep\u00fablica y pierdan salgan del Congreso"},"content":{"rendered":"<p>Fue el \u00edcono de los llamados a la descentralizaci\u00f3n y gener\u00f3 aplausos en el Congreso, pero desde que en 2018 fue promulgada la ley que instaur\u00f3 la elecci\u00f3n popular de gobernadores regionales desde 2020, las dudas y cuestionamientos parecen ser la t\u00f3nica.<\/p>\n<p>Adem\u00e1s de la incertidumbre sobre las competencias que tendr\u00e1n esas autoridades, entre varias otras, se suma un factor netamente pol\u00edtico: los posibles candidatos y las inhabilidades que enfrentan.<\/p>\n<p>Para enfrentar ese punto, los diputados Issa Kort (UDI) y Pepe Auth (Independiente) iniciaron una serie de conversaciones hace algunos d\u00edas, y tomaron la determinaci\u00f3n de redactar un proyecto, cuyo borrador presentar\u00e1n la pr\u00f3xima semana al ministro del Interior, Andr\u00e9s Chadwick. Y aunque la inquietud surgi\u00f3 a prop\u00f3sito de la elecci\u00f3n de gobernadores, el di\u00e1logo deriv\u00f3 en una modificaci\u00f3n m\u00e1s profunda para abordar las inhabilidades que afectan a los distintos cargos de elecci\u00f3n popular. As\u00ed, la propuesta de Kort y Auth significar\u00eda que quienes quieran postular a un cargo distinto al que ostentan deber\u00e1n renunciar al momento de la inscripci\u00f3n de esa postulaci\u00f3n, esto es, tres meses antes de la elecci\u00f3n y no un a\u00f1o antes, como lo establece la normativa actual.<\/p>\n<p>El primer efecto es que se permitir\u00e1 que las autoridades que quieran postular al cargo de gobernador no tengan que renunciar en octubre de este a\u00f1o, sino que en julio de 2020, tres meses antes de los comicios. Y, el segundo factor, es una exigencia adicional: la renuncia ser\u00e1 obligatoria tambi\u00e9n para los parlamentarios en ejercicio, por lo que, en caso de no resultar electos, se ver\u00e1n impedidos de terminar su per\u00edodo. Hoy eso no ocurre. Y un parlamentario puede postular a La Moneda y, en caso de perder, seguir ejerciendo su funci\u00f3n como legislador.<\/p>\n<p>Este fue uno de los cuestionamientos que afect\u00f3 en el pasado a figuras de la centroizquierda, espec\u00edficamente, los senadores Alejandro Guillier y Carolina Goic, quienes participaron de la carrera presidencial y, tras un resultado adverso, siguieron ocupando sus esca\u00f1os en el Parlamento.<\/p>\n<p>\u201cHoy la ley restringe a varias autoridades en ejercicio la posibilidad de ser candidatos a otros cargos. Sin embargo, ese \u2018veto\u2019 no es total, sino que tiende a favorecer a los legisladores en ejercicio y perjudica a otras autoridades electas. Es por esto que queremos proponer una reforma al sistema y liberar las opciones de ser candidatos a todos los ciudadanos, sean o no autoridades en ejercicio. Vale decir, cualquier ciudadano que inscriba alg\u00fan tipo de candidatura cesar\u00e1 en el cargo al momento de hacer efectiva dicha inscripci\u00f3n\u201d, dice Kort. \u201cLo que proponemos es el fin de las protecciones corporativas y de las inhabilidades que inhiben la competencia, pero asumiendo los riesgos y, por tanto, perdiendo el cargo que se ejerce cuando se busca ser elegido en otro cargo\u201d, a\u00f1ade Auth.<\/p>\n<p>Respecto del reemplazo -en el caso de un legislador que se inscriba en la presidencial y que, por lo tanto, deba dejar su cargo en el Parlamento-, la legislaci\u00f3n actual contempla un sistema para que cada partido defina qui\u00e9n ocupar\u00e1 el cargo, aunque los diputados no se cierran a que eso pueda abordarse en la discusi\u00f3n en el Congreso.<\/p>\n","protected":false},"excerpt":{"rendered":"<p>Fue el \u00edcono de los llamados a la descentralizaci\u00f3n y gener\u00f3 aplausos en el Congreso, pero desde que en 2018 fue promulgada la ley que&#8230;<\/p>\n","protected":false},"author":2,"featured_media":3638,"comment_status":"closed","ping_status":"open","sticky":false,"template":"","format":"standard","meta":{"footnotes":""},"categories":[4,267],"tags":[],"_links":{"self":[{"href":"http:\/\/www.primeranota.cl\/web\/wp-json\/wp\/v2\/posts\/7961"}],"collection":[{"href":"http:\/\/www.primeranota.cl\/web\/wp-json\/wp\/v2\/posts"}],"about":[{"href":"http:\/\/www.primeranota.cl\/web\/wp-json\/wp\/v2\/types\/post"}],"author":[{"embeddable":true,"href":"http:\/\/www.primeranota.cl\/web\/wp-json\/wp\/v2\/users\/2"}],"replies":[{"embeddable":true,"href":"http:\/\/www.primeranota.cl\/web\/wp-json\/wp\/v2\/comments?post=7961"}],"version-history":[{"count":1,"href":"http:\/\/www.primeranota.cl\/web\/wp-json\/wp\/v2\/posts\/7961\/revisions"}],"predecessor-version":[{"id":7962,"href":"http:\/\/www.primeranota.cl\/web\/wp-json\/wp\/v2\/posts\/7961\/revisions\/7962"}],"wp:featuredmedia":[{"embeddable":true,"href":"http:\/\/www.primeranota.cl\/web\/wp-json\/wp\/v2\/media\/3638"}],"wp:attachment":[{"href":"http:\/\/www.primeranota.cl\/web\/wp-json\/wp\/v2\/media?parent=7961"}],"wp:term":[{"taxonomy":"category","embeddable":true,"href":"http:\/\/www.primeranota.cl\/web\/wp-json\/wp\/v2\/categories?post=7961"},{"taxonomy":"post_tag","embeddable":true,"href":"http:\/\/www.primeranota.cl\/web\/wp-json\/wp\/v2\/tags?post=7961"}],"curies":[{"name":"wp","href":"https:\/\/api.w.org\/{rel}","templated":true}]}}