{"id":7963,"date":"2019-06-02T07:55:59","date_gmt":"2019-06-02T11:55:59","guid":{"rendered":"http:\/\/www.primeranota.cl\/web\/?p=7963"},"modified":"2019-06-02T07:55:59","modified_gmt":"2019-06-02T11:55:59","slug":"cuenta-publicagobierno-pide-calma-a-la-dc-y-afirma-que-cumplira-compromisos","status":"publish","type":"post","link":"http:\/\/www.primeranota.cl\/web\/pais\/cuenta-publicagobierno-pide-calma-a-la-dc-y-afirma-que-cumplira-compromisos\/","title":{"rendered":"Cuenta P\u00fablica:Gobierno pide calma a la DC y afirma que cumplir\u00e1 compromisos"},"content":{"rendered":"<p>El ministro de la Segpres,\u00a0<strong>Gonzalo Blumel, asegur\u00f3 que se cumplir\u00e1 el acuerdo con la Democracia Cristiana en materia de pensiones<\/strong>, tras las\u00a0<a href=\"https:\/\/www.cooperativa.cl\/noticias\/pais\/politica\/cuenta-publica\/diputados-dc-y-reforma-a-pensiones-presidente-rompio-posibilidad-de\/2019-06-01\/220415.html\">cr\u00edticas suscitadas por las palabras del Presidente Pi\u00f1era en la Cuenta P\u00fablica de este s\u00e1bado.<\/a><\/p>\n<p>En conversaci\u00f3n con\u00a0<strong>Cooperativa<\/strong>, Blumel plante\u00f3 que &#8220;<strong>nuestro mensaje y lo que plante\u00f3 el Presidente es clar\u00edsimo.<\/strong>\u00a0Nosotros creamos un acuerdo en esta materia, se va a crear un Consejo P\u00fablico, un ente p\u00fablico que va a administrar el 4 por ciento y lo que se hace es que se plantea, en el contexto de esta nueva entidad, que es que el mayor ahorro previsional va a ir \u00edntegro a la cuenta de ahorro&#8221;.<\/p>\n<p><strong>&#8220;Se van a fortalecer o maximizar las opciones que tienen las personas de elegir dentro del sistema del 4 por ciento.<\/strong>\u00a0Entonces, aqu\u00ed que no quepa ninguna duda, cuando el gobierno toma acuerdos, los acuerdos son para cumplirse&#8221;, precis\u00f3.<\/p>\n<p>El ministro a\u00f1adi\u00f3 que &#8220;el ente p\u00fablico va a tener naturalmente funciones p\u00fablicas y va a estar a cargo del 4 por ciento y los detalles de dise\u00f1o los tenemos que trabajar entre los equipos t\u00e9cnicos, conversar con los sectores de oposici\u00f3n que fueron parte de este acuerdo y sobre esta base vamos a hacer un planteamiento&#8221;.<\/p>\n<p><strong>&#8220;Que nadie se ponga nervioso, los acuerdos est\u00e1n para cumplirse&#8221;<\/strong>, sentenci\u00f3.<\/p>\n<p>El ministro de Hacienda,\u00a0<strong>Felipe Larra\u00edn<\/strong>, coment\u00f3 que &#8220;nosotros vamos a cumplir con nuestro compromiso que tomamos con el grupo de la Democracia Cristiana y el Partido Radical y lo vamos a cumplir. Eso significa que\u00a0<strong>va a haber un ente p\u00fablico, que va a estar a cargo del 4 por ciento, pero que tambi\u00e9n las personas van a tener la posibilidad de optar&#8221;.<\/strong><\/p>\n<p>&#8220;Tom\u00e9moslo con calma, conversemos, viene la discusi\u00f3n en particular. Vamos a cumplir con los compromisos que tomamos y eso\u00a0<strong>es compatible con la elecci\u00f3n por parte de las personas<\/strong>&#8220;, manifest\u00f3.<\/p>\n<p>&#8220;El ahorro previsional les pertenece a los trabajadores,<strong>\u00a0nadie debe utilizarlos para otros prop\u00f3sitos y son ellos quienes tienen derecho a decidir qui\u00e9n los administra<\/strong>&#8220;, dijo el Mandatario durante la Cuenta P\u00fablica.<\/p>\n<p>El ministro del Trabajo,\u00a0<strong>Nicol\u00e1s Monckeberg<\/strong>, aclar\u00f3 a trav\u00e9s de su cuenta de Twitter que &#8220;tal como lo hemos se\u00f1alado claramente el 4 por ciento de cotizaci\u00f3n adicional estar\u00e1 a cargo de un consejo o entidad p\u00fablica el que ser\u00e1 responsable del mismo y fijar\u00e1 pol\u00edticas de inversi\u00f3n.\u00a0<strong>Las AFP no participar\u00e1n en la administraci\u00f3n del 4 por ciento adicional&#8221;.<\/strong><\/p>\n<p><strong>Reacciones en la DC<\/strong><\/p>\n<p>El presidente de la DC,\u00a0<strong>Fuad Chah\u00edn<\/strong>, plante\u00f3 que &#8220;nosotros como Partido Dem\u00f3crata Cristiano\u00a0<strong>vamos a exigir que lo que firmaron los ministros se cumpla en el tr\u00e1mite legislativo&#8221;.<\/strong><\/p>\n<p>&#8220;Lo que ha dicho el Presidente hoy d\u00eda es\u00a0<strong>inaceptable<\/strong>, no vamos a permitir que este 4 por ciento adicional siga siendo administrado por las AFP, porque no gozan de la confianza, de la legitimidad necesaria y por lo tanto vamos a ser garantes de que lo que firmaron los ministros se cumpla o sino no hay posibilidad de di\u00e1logo&#8221;, dijo.<\/p>\n<p>Por su parte,\u00a0<strong>Ra\u00fal Soto<\/strong>\u00a0coment\u00f3 que &#8220;nosotros lo hab\u00edamos dicho y el Presidente Pi\u00f1era nos ha dado la raz\u00f3n hoy d\u00eda,\u00a0<strong>no hab\u00eda agua en la piscina para un acuerdo<\/strong>, ni en la Comisi\u00f3n de Trabajo ni en la Sala respecto de materia de legislar la reforma previsional&#8221;.<\/p>\n<p>&#8220;Me pidieron rectificar mi posici\u00f3n y yo hoy d\u00eda p\u00fablicamente le quiero pedir al presidente de mi partido, Fuad Chah\u00edn, y al jefe de la bancada, Gabriel Ascencio, a que rectifiquen su actuar, a que pidan las\u00a0<strong>disculpas p\u00fablicas correspondientes<\/strong>\u00a0por todo el da\u00f1o que nos han causado a quienes tuvimos la posici\u00f3n minoritaria&#8221;, sostuvo.<\/p>\n<p>Adem\u00e1s,\u00a0<strong>Gabriel Ascencio<\/strong>\u00a0dijo que &#8220;el Presidente\u00a0<strong>desautoriza a tres ministros<\/strong>, el de Hacienda, de Segpres y del Trabajo, yo creo que de una<strong>\u00a0manera bastante brutal,<\/strong>\u00a0porque en medio de una cantidad de promesas incre\u00edbles como de pasada mete este cuento de que ahora los trabajadores van a decidir que es lo que pasa con el 4 por ciento adicional&#8221;.<\/p>\n<p>&#8220;Yo cre\u00eda que cuando hablo con los ministros, hablo con personas que representan al gobierno en su conjunto, pero si viene el Presidente y como si no pasara nada cambia la versi\u00f3n, desautoriza a sus ministros y nos dice que las cosas son distintas, entonces \u00bfqu\u00e9 posibilidades tenemos de tener alg\u00fan tipo de acuerdo?&#8221;, cuestion\u00f3.<\/p>\n","protected":false},"excerpt":{"rendered":"<p>El ministro de la Segpres,\u00a0Gonzalo Blumel, asegur\u00f3 que se cumplir\u00e1 el acuerdo con la Democracia Cristiana en materia de pensiones, tras las\u00a0cr\u00edticas suscitadas por las&#8230;<\/p>\n","protected":false},"author":2,"featured_media":1117,"comment_status":"closed","ping_status":"open","sticky":false,"template":"","format":"standard","meta":{"footnotes":""},"categories":[4,267],"tags":[],"_links":{"self":[{"href":"http:\/\/www.primeranota.cl\/web\/wp-json\/wp\/v2\/posts\/7963"}],"collection":[{"href":"http:\/\/www.primeranota.cl\/web\/wp-json\/wp\/v2\/posts"}],"about":[{"href":"http:\/\/www.primeranota.cl\/web\/wp-json\/wp\/v2\/types\/post"}],"author":[{"embeddable":true,"href":"http:\/\/www.primeranota.cl\/web\/wp-json\/wp\/v2\/users\/2"}],"replies":[{"embeddable":true,"href":"http:\/\/www.primeranota.cl\/web\/wp-json\/wp\/v2\/comments?post=7963"}],"version-history":[{"count":1,"href":"http:\/\/www.primeranota.cl\/web\/wp-json\/wp\/v2\/posts\/7963\/revisions"}],"predecessor-version":[{"id":7964,"href":"http:\/\/www.primeranota.cl\/web\/wp-json\/wp\/v2\/posts\/7963\/revisions\/7964"}],"wp:featuredmedia":[{"embeddable":true,"href":"http:\/\/www.primeranota.cl\/web\/wp-json\/wp\/v2\/media\/1117"}],"wp:attachment":[{"href":"http:\/\/www.primeranota.cl\/web\/wp-json\/wp\/v2\/media?parent=7963"}],"wp:term":[{"taxonomy":"category","embeddable":true,"href":"http:\/\/www.primeranota.cl\/web\/wp-json\/wp\/v2\/categories?post=7963"},{"taxonomy":"post_tag","embeddable":true,"href":"http:\/\/www.primeranota.cl\/web\/wp-json\/wp\/v2\/tags?post=7963"}],"curies":[{"name":"wp","href":"https:\/\/api.w.org\/{rel}","templated":true}]}}