{"id":7967,"date":"2019-06-02T08:15:13","date_gmt":"2019-06-02T12:15:13","guid":{"rendered":"http:\/\/www.primeranota.cl\/web\/?p=7967"},"modified":"2019-06-02T09:30:43","modified_gmt":"2019-06-02T13:30:43","slug":"senador-huenchumillapor-dichos-de-pinera-sobre-pensiones-como-pudieron-ser-tan-de-creerle-a-la-derecha","status":"publish","type":"post","link":"http:\/\/www.primeranota.cl\/web\/pais\/senador-huenchumillapor-dichos-de-pinera-sobre-pensiones-como-pudieron-ser-tan-de-creerle-a-la-derecha\/","title":{"rendered":"Senador Huenchumilla por dichos de Pi\u00f1era sobre pensiones: &#8220;C\u00f3mo pudieron ser tan&#8230;.de creerle a la derecha&#8221;"},"content":{"rendered":"<p>El senador por la Araucan\u00eda, Francisco Huenchumilla reaccion\u00f3 duramente por los dichos de Pi\u00f1era respecto del 4 por ciento del ahorro previsional, acuerdo pactado con diputados DC y el Gobierno sobre la idea de legislar.<\/p>\n<p>Pi\u00f1era dijo que\u00a0\u201cel ahorro previsional les pertenece a los trabajadores (\u2026) son ellos quienes tienen derecho a decidir qui\u00e9n los administra\u201d. Esta fue la frase provoc\u00f3 la indignaci\u00f3n en la Democracia Cristiana, y se convirti\u00f3 en uno de los primeros coletazos que dej\u00f3 el discurso presidencial.<\/p>\n<p>Al referirse a la reforma al sistema de pensiones y al\u00a0incremento del ahorro previsional en un 4%, el Mandatario puso en duda el compromiso que el Ejecutivo hab\u00eda suscrito previamente con la DC y el Partido Radical -antes de que se votara la idea de legislar en la Comisi\u00f3n de Hacienda- de que estos fondos ser\u00edan administrados por un ente p\u00fablico creado para estos fines.<\/p>\n<p>Huechumilla planteo que &#8220;lo dije&#8230;aprobar la idea de legislar era abrirle la puerta para que el Gobierno impusiera su proyecto. Dicho y hecho con el 4%. Ahora podr\u00e1 ir a las AFP. As\u00ed lo dijo el Presidente&#8221;.<\/p>\n<p>Y luego refrend\u00f3 con una frase: &#8220;Ten\u00eda raz\u00f3n Radomiro Tomic&#8221; recordando una frase del ex senador y ex candidado presidencial DC que se\u00f1al\u00f3 &#8220;que cuando se gana o se pacta con la derecha, la que gana es&#8230;la derecha&#8221;.<\/p>\n<p>Huenchumilla termin\u00f3 su tuit con una frase lapidaria para los DC que negociaron con el gobierno, entre ellos su presidente Fuad Chah\u00edn: &#8220;Como pudieron ser tan&#8230;.de creerle a la derecha&#8221;.<\/p>\n","protected":false},"excerpt":{"rendered":"<p>El senador por la Araucan\u00eda, Francisco Huenchumilla reaccion\u00f3 duramente por los dichos de Pi\u00f1era respecto del 4 por ciento del ahorro previsional, acuerdo pactado con&#8230;<\/p>\n","protected":false},"author":2,"featured_media":7152,"comment_status":"closed","ping_status":"open","sticky":false,"template":"","format":"standard","meta":{"footnotes":""},"categories":[4,267],"tags":[],"_links":{"self":[{"href":"http:\/\/www.primeranota.cl\/web\/wp-json\/wp\/v2\/posts\/7967"}],"collection":[{"href":"http:\/\/www.primeranota.cl\/web\/wp-json\/wp\/v2\/posts"}],"about":[{"href":"http:\/\/www.primeranota.cl\/web\/wp-json\/wp\/v2\/types\/post"}],"author":[{"embeddable":true,"href":"http:\/\/www.primeranota.cl\/web\/wp-json\/wp\/v2\/users\/2"}],"replies":[{"embeddable":true,"href":"http:\/\/www.primeranota.cl\/web\/wp-json\/wp\/v2\/comments?post=7967"}],"version-history":[{"count":3,"href":"http:\/\/www.primeranota.cl\/web\/wp-json\/wp\/v2\/posts\/7967\/revisions"}],"predecessor-version":[{"id":7973,"href":"http:\/\/www.primeranota.cl\/web\/wp-json\/wp\/v2\/posts\/7967\/revisions\/7973"}],"wp:featuredmedia":[{"embeddable":true,"href":"http:\/\/www.primeranota.cl\/web\/wp-json\/wp\/v2\/media\/7152"}],"wp:attachment":[{"href":"http:\/\/www.primeranota.cl\/web\/wp-json\/wp\/v2\/media?parent=7967"}],"wp:term":[{"taxonomy":"category","embeddable":true,"href":"http:\/\/www.primeranota.cl\/web\/wp-json\/wp\/v2\/categories?post=7967"},{"taxonomy":"post_tag","embeddable":true,"href":"http:\/\/www.primeranota.cl\/web\/wp-json\/wp\/v2\/tags?post=7967"}],"curies":[{"name":"wp","href":"https:\/\/api.w.org\/{rel}","templated":true}]}}