{"id":7969,"date":"2019-06-02T08:17:46","date_gmt":"2019-06-02T12:17:46","guid":{"rendered":"http:\/\/www.primeranota.cl\/web\/?p=7969"},"modified":"2019-06-02T08:17:46","modified_gmt":"2019-06-02T12:17:46","slug":"cuenta-publica-dc-congela-relaciones-con-el-gobierno","status":"publish","type":"post","link":"http:\/\/www.primeranota.cl\/web\/pais\/cuenta-publica-dc-congela-relaciones-con-el-gobierno\/","title":{"rendered":"Cuenta P\u00fablica: DC congela relaciones con el gobierno"},"content":{"rendered":"<p><strong>\u201cEl ahorro previsional les pertenece a los trabajadores (\u2026) son ellos quienes tienen derecho a decidir qui\u00e9n los administra\u201d<\/strong>. Esta fue la frase emitida por el\u00a0<strong>Presidente Sebasti\u00e1n Pi\u00f1era<\/strong>, durante la cuenta p\u00fablica presidencial, que provoc\u00f3 la indignaci\u00f3n de la\u00a0<strong>Democracia Cristiana<\/strong>, y se convirti\u00f3 en uno de los primeros coletazos que dej\u00f3 el discurso presidencial.<\/p>\n<p>Al referirse a la reforma al sistema de pensiones y al\u00a0<strong>incremento del ahorro previsional en un 4%<\/strong>, el Mandatario puso en duda -a entender de la DC- el compromiso que el Ejecutivo hab\u00eda suscrito previamente con la colectividad y el Partido Radical (PR) -antes de que se votara la idea de legislar en la\u00a0<strong>Comisi\u00f3n de Hacienda de la C\u00e1mara de Diputados<\/strong>\u2013 de que estos fondos ser\u00edan administrados por un ente p\u00fablico creado para estos fines.<\/p>\n<p><strong>\u201cPuedo decir que es inaceptable que gobierno incumpla sus acuerdo gracias al lobby de las AFPs. Lamentablemente el gobierno se puso de rodillas ante las AFPs y el Presidente borra con el codo lo que los ministros firman con la mano\u201d<\/strong>, dijo a\u00a0<strong>La Tercera<\/strong>\u00a0el presidente de la Democracia Cristiana,<strong>\u00a0Fuad Chahin<\/strong>, minutos despu\u00e9s de que terminara el acto celebrado en el Congreso.<\/p>\n<p>En esta l\u00ednea, Chahin anunci\u00f3 que se congelaban las relaciones entre el partido y el gobierno:\u00a0<strong>\u201cNo podemos seguir hablando con quien no cumple sus compromisos\u201d<\/strong>, agreg\u00f3 el timonel, en l\u00ednea similar con lo que hab\u00eda expresado en su cuenta de Twitter, donde afirm\u00f3:\u00a0<strong>\u201c\u00a1No cuenten con nosotros! As\u00ed no se puede conversar\u201d.<\/strong><\/p>\n<p>Al igual que el m\u00e1ximo representante del partido, el jefe de los diputados de la DC,\u00a0<strong>Gabriel Ascencio,\u00a0<\/strong>hab\u00eda se\u00f1alado por el mismo medio:<strong>\u201c(Pi\u00f1era) desconoce un acuerdo pol\u00edtico y desautoriza a sus ministros. De ser esto as\u00ed, el Presidente rompe toda posibilidad de acuerdos con los diputados DC en el futuro\u201d<\/strong>.<\/p>\n<h2>Ministros intentan bajar la tensi\u00f3n con la DC<\/h2>\n<p>Al t\u00e9rmino del discurso presidencial, al menos tres ministros de Estado intentaron calmar los \u00e1nimos por las reacciones de la DC.<\/p>\n<p>El ministro del Trabajo,\u00a0<strong>Nicol\u00e1s Monckeberg<\/strong>, asegur\u00f3 que \u201cel Presidente ha ratificado algo que hemos dicho desde el primer d\u00eda. Los trabajadores son due\u00f1os de sus ahorros. Ni el Congreso, ni el Presidente, ni ning\u00fan poder tiene derecho a quitarle ese ahorro.\u00a0<strong>El 4% va a sus cuentas individuales y estar\u00e1 a cargo esto de un consejo p\u00fablico que va a fijar las reglas de inversi\u00f3n interna, y dentro de las reglas que fijar\u00e1 son los mecanismos para que los trabajadores ejerzan su elecci\u00f3n respecto al destino de sus fondos<\/strong>\u201c,<\/p>\n<p><strong>\u201cEn ese 4% no van a administrar las AFP\u201d, dijo el secretario de Estado, pero agreg\u00f3 que \u201clos trabajadores no van a perder su derechos elegir el destino de esa inversi\u00f3n\u201d.<\/strong><\/p>\n<p>Por su parte, el ministro secretario general de la Presidencia,\u00a0<strong>Gonzalo Blumel,\u00a0<\/strong>encargado de la relaci\u00f3n con el Congreso y uno de los secretarios de Estado que lider\u00f3 el di\u00e1logo con la DC, sostuvo que \u201clos acuerdos est\u00e1n para cumplirse. Ya hemos ratificado que habr\u00e1 un consejo p\u00fablico que se har\u00e1 cargo de ese mayor acuerdo previsional. Lo que hace el Presidente es ratificar lo que hemos acordado, dijo el ministro, agregando que \u201clo que se hace es compatibilizar los principios con los instrumentos, por ejemplo que el mayor ahorro previsional es de los trabajadores. Que se va a fortalecer las opciones que tendr\u00e1s los trabajadores\u201d.<\/p>\n<p>A sus pares se sum\u00f3 el ministro de Hacienda,\u00a0<strong>Felipe Larra\u00edn<\/strong>, quien se\u00f1al\u00f3 enf\u00e1tico que \u201c<strong>nosotros vamos a cumplir con nuestros compromisos que tomamos con la Democracia Cristiana y el Partido Radica<\/strong>l, eso significa que va haber un ente p\u00fablico que va estar a cargo del 4%, pero que tambi\u00e9n las personas tendr\u00e1n la posibilidad de optar y los detalles los vamos a conversar habiendo compatibilidad esas dos cosas, en el debate en particular\u201d.<\/p>\n","protected":false},"excerpt":{"rendered":"<p>\u201cEl ahorro previsional les pertenece a los trabajadores (\u2026) son ellos quienes tienen derecho a decidir qui\u00e9n los administra\u201d. Esta fue la frase emitida por&#8230;<\/p>\n","protected":false},"author":2,"featured_media":5285,"comment_status":"closed","ping_status":"open","sticky":false,"template":"","format":"standard","meta":{"footnotes":""},"categories":[4,267],"tags":[],"_links":{"self":[{"href":"http:\/\/www.primeranota.cl\/web\/wp-json\/wp\/v2\/posts\/7969"}],"collection":[{"href":"http:\/\/www.primeranota.cl\/web\/wp-json\/wp\/v2\/posts"}],"about":[{"href":"http:\/\/www.primeranota.cl\/web\/wp-json\/wp\/v2\/types\/post"}],"author":[{"embeddable":true,"href":"http:\/\/www.primeranota.cl\/web\/wp-json\/wp\/v2\/users\/2"}],"replies":[{"embeddable":true,"href":"http:\/\/www.primeranota.cl\/web\/wp-json\/wp\/v2\/comments?post=7969"}],"version-history":[{"count":1,"href":"http:\/\/www.primeranota.cl\/web\/wp-json\/wp\/v2\/posts\/7969\/revisions"}],"predecessor-version":[{"id":7970,"href":"http:\/\/www.primeranota.cl\/web\/wp-json\/wp\/v2\/posts\/7969\/revisions\/7970"}],"wp:featuredmedia":[{"embeddable":true,"href":"http:\/\/www.primeranota.cl\/web\/wp-json\/wp\/v2\/media\/5285"}],"wp:attachment":[{"href":"http:\/\/www.primeranota.cl\/web\/wp-json\/wp\/v2\/media?parent=7969"}],"wp:term":[{"taxonomy":"category","embeddable":true,"href":"http:\/\/www.primeranota.cl\/web\/wp-json\/wp\/v2\/categories?post=7969"},{"taxonomy":"post_tag","embeddable":true,"href":"http:\/\/www.primeranota.cl\/web\/wp-json\/wp\/v2\/tags?post=7969"}],"curies":[{"name":"wp","href":"https:\/\/api.w.org\/{rel}","templated":true}]}}