{"id":8001,"date":"2019-06-04T08:40:05","date_gmt":"2019-06-04T12:40:05","guid":{"rendered":"http:\/\/www.primeranota.cl\/web\/?p=8001"},"modified":"2019-06-04T08:40:05","modified_gmt":"2019-06-04T12:40:05","slug":"cadem-presidente-pinera-cerro-mayo-con-34-de-aprobacion","status":"publish","type":"post","link":"http:\/\/www.primeranota.cl\/web\/pais\/cadem-presidente-pinera-cerro-mayo-con-34-de-aprobacion\/","title":{"rendered":"Cadem: Presidente Pi\u00f1era cerr\u00f3 mayo con 34% de aprobaci\u00f3n"},"content":{"rendered":"<p>La \u00faltima encuesta Plaza P\u00fablica Cadem arroj\u00f3 que el Presidente Sebasti\u00e1n Pi\u00f1era cerr\u00f3 mayo con una aprobaci\u00f3n de 34%, 2 puntos menos en comparaci\u00f3n a abril y 7 puntos menos en lo que va del 2019.<\/p>\n<p>Al mismo tiempo, en la semana previa a la cuenta p\u00fablica, el 51% considera que Chile va por mal camino y el 70% piensa que la econom\u00eda est\u00e1 estancada o retorciendo, ambos registros los m\u00e1s altos desde que asumi\u00f3 el Presidente Pi\u00f1era en marzo de 2018.<\/p>\n<p>En tanto, en una medici\u00f3n a los partidos de la ex Nueva Mayor\u00eda, la Democracia Cristiana es percibida como el partido m\u00e1s influyente (26%) pero entre los identificados con la izquierda o centro izquierda, el PS le saca 7pts de ventaja (34%)<\/p>\n<p>En relaci\u00f3n a las pr\u00f3ximas elecciones municipales del 2020, el 33% cree que los partidos de la ex Nueva Mayor\u00eda deber\u00edan negociar con el Frente Amplio, y 55% cree que el conglomerado deber\u00eda ir con candidato propio.<\/p>\n<p>Por otro lado, respecto a las elecciones presidenciales del 2021, el 37% cree que la Democracia Cristiana deber\u00eda negociar con la ex Nueva Mayor\u00eda para hacer una sola primaria, mientras que 50% piensa que la DC deber\u00eda tener candidato propio y llegar a primera vuelta.<\/p>\n<p>Finalmente, Heraldo Mu\u00f1oz (55%) lidera en imagen positiva, aunque su nivel de conocimiento sigue siendo bajo en comparaci\u00f3n a Insulza, Guillier, Girardi, Lagos Weber, Camila Vallejo y Michelle Bachelet, todos sobre el 80%.<\/p>\n","protected":false},"excerpt":{"rendered":"<p>La \u00faltima encuesta Plaza P\u00fablica Cadem arroj\u00f3 que el Presidente Sebasti\u00e1n Pi\u00f1era cerr\u00f3 mayo con una aprobaci\u00f3n de 34%, 2 puntos menos en comparaci\u00f3n a&#8230;<\/p>\n","protected":false},"author":2,"featured_media":673,"comment_status":"closed","ping_status":"open","sticky":false,"template":"","format":"standard","meta":{"footnotes":""},"categories":[4,267],"tags":[],"_links":{"self":[{"href":"http:\/\/www.primeranota.cl\/web\/wp-json\/wp\/v2\/posts\/8001"}],"collection":[{"href":"http:\/\/www.primeranota.cl\/web\/wp-json\/wp\/v2\/posts"}],"about":[{"href":"http:\/\/www.primeranota.cl\/web\/wp-json\/wp\/v2\/types\/post"}],"author":[{"embeddable":true,"href":"http:\/\/www.primeranota.cl\/web\/wp-json\/wp\/v2\/users\/2"}],"replies":[{"embeddable":true,"href":"http:\/\/www.primeranota.cl\/web\/wp-json\/wp\/v2\/comments?post=8001"}],"version-history":[{"count":1,"href":"http:\/\/www.primeranota.cl\/web\/wp-json\/wp\/v2\/posts\/8001\/revisions"}],"predecessor-version":[{"id":8002,"href":"http:\/\/www.primeranota.cl\/web\/wp-json\/wp\/v2\/posts\/8001\/revisions\/8002"}],"wp:featuredmedia":[{"embeddable":true,"href":"http:\/\/www.primeranota.cl\/web\/wp-json\/wp\/v2\/media\/673"}],"wp:attachment":[{"href":"http:\/\/www.primeranota.cl\/web\/wp-json\/wp\/v2\/media?parent=8001"}],"wp:term":[{"taxonomy":"category","embeddable":true,"href":"http:\/\/www.primeranota.cl\/web\/wp-json\/wp\/v2\/categories?post=8001"},{"taxonomy":"post_tag","embeddable":true,"href":"http:\/\/www.primeranota.cl\/web\/wp-json\/wp\/v2\/tags?post=8001"}],"curies":[{"name":"wp","href":"https:\/\/api.w.org\/{rel}","templated":true}]}}