{"id":8025,"date":"2019-06-05T07:50:59","date_gmt":"2019-06-05T11:50:59","guid":{"rendered":"http:\/\/www.primeranota.cl\/web\/?p=8025"},"modified":"2019-06-05T07:50:59","modified_gmt":"2019-06-05T11:50:59","slug":"senado-aprueba-en-general-proyecto-de-proteccion-a-glaciares-contra-los-intereses-de-la-mineria","status":"publish","type":"post","link":"http:\/\/www.primeranota.cl\/web\/pais\/senado-aprueba-en-general-proyecto-de-proteccion-a-glaciares-contra-los-intereses-de-la-mineria\/","title":{"rendered":"Senado aprueba en general proyecto de protecci\u00f3n a glaciares contra los intereses de la miner\u00eda"},"content":{"rendered":"<p>Por 33 votos a favor, cero en contra y seis abstenciones la sala del Senado aprob\u00f3, en general, ayer el proyecto sobre protecci\u00f3n de glaciares , mediante el cual se busca generar seguridad h\u00eddrica, crear un registro nacional de glaciares y definir actividades permitidas, restringidas y prohibidas en glaciares o cerca de estos.<\/p>\n<p>Con ello, la iniciativa legal pasar\u00e1 a las comisiones de Medio Ambiente y Miner\u00eda de la C\u00e1mara de Diputados, donde podr\u00e1 recibir indicaciones durante 30 d\u00edas a trav\u00e9s de la conformaci\u00f3n de una mesa t\u00e9cnica. Tras ello, el articulado del proyecto ser\u00e1 votado.<\/p>\n<p>\u201cCompartimos la preocupaci\u00f3n del Senado por el cambio clim\u00e1tico y la imperiosa necesidad de proteger activos ambientales como los glaciares. Esperamos que durante la discusi\u00f3n particular se introduzcan cambios t\u00e9cnicos relevantes, porque el actual texto adolece de errores graves\u201d, indic\u00f3 el presidente del Consejo Minero, Joaqu\u00edn Villarino, quien a\u00f1adi\u00f3 que \u201centendemos que su perfeccionamiento es indispensable para garantizar un desarrollo sostenible, el cual no s\u00f3lo exige el cuidado del medioambiente sino tambi\u00e9n el crecimiento econ\u00f3mico y el desarrollo social. Sacrificar algunos de esos pilares implica sacrificar el desarrollo sostenible\u201d.<\/p>\n<p>Durante la sesi\u00f3n , el ministro de Miner\u00eda, Baldo Prokurica, advirti\u00f3 que de acuerdo con un informe de Cochilco, cuatro proyectos de la industria minera, entre ellos dos de Codelco, no podr\u00edan prosperar si es que la iniciativa legal se aplica tal y como est\u00e1. Mientras que el senador PPD, Guido Girardi, acus\u00f3 durante su exposici\u00f3n que distintas empresas mineras, entre ellas la estatal, han realizado lobby para que no exista una ley de este tipo.<\/p>\n<p>Por su lado, Isabel Allende (PS), dijo que es necesario buscar f\u00f3rmulas que permitan que la miner\u00eda conviva con los objetivos de la protecci\u00f3n de los glaciares.<\/p>\n","protected":false},"excerpt":{"rendered":"<p>Por 33 votos a favor, cero en contra y seis abstenciones la sala del Senado aprob\u00f3, en general, ayer el proyecto sobre protecci\u00f3n de glaciares&#8230;<\/p>\n","protected":false},"author":2,"featured_media":8026,"comment_status":"closed","ping_status":"open","sticky":false,"template":"","format":"standard","meta":{"footnotes":""},"categories":[4,267],"tags":[],"_links":{"self":[{"href":"http:\/\/www.primeranota.cl\/web\/wp-json\/wp\/v2\/posts\/8025"}],"collection":[{"href":"http:\/\/www.primeranota.cl\/web\/wp-json\/wp\/v2\/posts"}],"about":[{"href":"http:\/\/www.primeranota.cl\/web\/wp-json\/wp\/v2\/types\/post"}],"author":[{"embeddable":true,"href":"http:\/\/www.primeranota.cl\/web\/wp-json\/wp\/v2\/users\/2"}],"replies":[{"embeddable":true,"href":"http:\/\/www.primeranota.cl\/web\/wp-json\/wp\/v2\/comments?post=8025"}],"version-history":[{"count":1,"href":"http:\/\/www.primeranota.cl\/web\/wp-json\/wp\/v2\/posts\/8025\/revisions"}],"predecessor-version":[{"id":8027,"href":"http:\/\/www.primeranota.cl\/web\/wp-json\/wp\/v2\/posts\/8025\/revisions\/8027"}],"wp:featuredmedia":[{"embeddable":true,"href":"http:\/\/www.primeranota.cl\/web\/wp-json\/wp\/v2\/media\/8026"}],"wp:attachment":[{"href":"http:\/\/www.primeranota.cl\/web\/wp-json\/wp\/v2\/media?parent=8025"}],"wp:term":[{"taxonomy":"category","embeddable":true,"href":"http:\/\/www.primeranota.cl\/web\/wp-json\/wp\/v2\/categories?post=8025"},{"taxonomy":"post_tag","embeddable":true,"href":"http:\/\/www.primeranota.cl\/web\/wp-json\/wp\/v2\/tags?post=8025"}],"curies":[{"name":"wp","href":"https:\/\/api.w.org\/{rel}","templated":true}]}}