{"id":8037,"date":"2019-06-05T19:35:00","date_gmt":"2019-06-05T23:35:00","guid":{"rendered":"http:\/\/www.primeranota.cl\/web\/?p=8037"},"modified":"2019-06-05T19:35:00","modified_gmt":"2019-06-05T23:35:00","slug":"encuesta-activa-research-lavin-mantiene-la-imagen-mas-solida-entre-los-presidenciables","status":"publish","type":"post","link":"http:\/\/www.primeranota.cl\/web\/pais\/encuesta-activa-research-lavin-mantiene-la-imagen-mas-solida-entre-los-presidenciables\/","title":{"rendered":"Encuesta Activa Research: Lavin mantiene la imagen m\u00e1s s\u00f3lida entre los presidenciables"},"content":{"rendered":"<p><strong>Pulso Ciudadano <\/strong><strong>revela que Joaqu\u00edn Lav\u00edn iguala a Beatriz S\u00e1nchez en las preferencias presidenciales con un 10,6% y 10,8% respectivamente. Adicionalmente los candidatos que se perfilan con una imagen m\u00e1s s\u00f3lida en la soluci\u00f3n de problemas del pa\u00eds son Joaqu\u00edn Lav\u00edn, Beatriz S\u00e1nchez y Jos\u00e9 Antonio Kast.<\/strong><\/p>\n<p><strong>C<\/strong>on el inter\u00e9s de hacer un aporte a la discusi\u00f3n en temas de Opini\u00f3n P\u00fablica, desde enero viene realizando el <strong>Pulso Ciudadano<\/strong>, un <strong>Tracking Mensual <\/strong>que mide la percepci\u00f3n de la situaci\u00f3n econ\u00f3mica del pa\u00eds, la confianza en las instituciones, y la felicidad. Eval\u00faa el desempe\u00f1o del Presidente, del Gobierno y pregunta por la preferencia de candidatos presidenciales para el 2021. Adicionalmente en esta versi\u00f3n se incluye un cap\u00edtulo de perfil de presidenciables en base a su capacidad de resolver los problemas del pa\u00eds.<\/p>\n<p><strong><u>Situaci\u00f3n Econ\u00f3mica Actual del Pa\u00eds:<\/u><\/strong><\/p>\n<p>La cifra de quienes consideran que el pa\u00eds avanza en la direcci\u00f3n correcta disminuye cuatro puntos en mayo (21,5%) respecto a la medici\u00f3n del mes de abril (25,9%). Quienes creen que avanza en la direcci\u00f3n incorrecta aument\u00f3 respecto al mes anterior (de 45,3% a 48,4%).<\/p>\n<p>Los grupos m\u00e1s cr\u00edticos de la situaci\u00f3n econ\u00f3mica de nuestro pa\u00eds son: los adultos j\u00f3venes de 18 a 40 a\u00f1os, los GSE C2, D y E, las mujeres, los habitantes de la Zona Centro de Chile, y quienes declaran ser de izquierda.<\/p>\n<p>En relaci\u00f3n al progreso, quienes declaran que Chile esta progresando se mantienen estables en las mediciones de febrero a mayo (FEB 29,3%, MAR 28,9%, ABR 27,7% y MAYO 26,6%). Aumentan los que piensan que Chile esta estancado, subiendo de 43,6% en abril a 48,8% en mayo.<\/p>\n<p>Los grupos m\u00e1s pesimistas respecto del progreso de Chile son los habitantes de la Zona Norte y quienes declaran ser de izquierda.<\/p>\n<p>Un 24,1% de los encuestados sostiene que la situaci\u00f3n del pa\u00eds es buena o muy buena; mientras un 24,7% que es mala o muy mala. Los m\u00e1s cr\u00edticos en este punto son las mujeres y los GSE C2.<\/p>\n<p>Al preguntarle a las personas sobre la situaci\u00f3n econ\u00f3mica del pa\u00eds respecto del 2018, un 21,0% se\u00f1ala que es mejor o mucho mejor; mientras que un 32,4% que es peor o mucho peor. Esta \u00faltima cifra se incrementa en cuatro puntos respecto a la medici\u00f3n anterior (27,9%). Los grupos que sostienen que su situaci\u00f3n este a\u00f1o es peor que en el 2018 son los que se encuentran entre los 31 y 40 a\u00f1os, los GSE C2 y quienes se definen como de izquierda en el espectro pol\u00edtico.<\/p>\n","protected":false},"excerpt":{"rendered":"<p>Pulso Ciudadano revela que Joaqu\u00edn Lav\u00edn iguala a Beatriz S\u00e1nchez en las preferencias presidenciales con un 10,6% y 10,8% respectivamente. Adicionalmente los candidatos que se&#8230;<\/p>\n","protected":false},"author":2,"featured_media":4433,"comment_status":"closed","ping_status":"open","sticky":false,"template":"","format":"standard","meta":{"footnotes":""},"categories":[4,267],"tags":[],"_links":{"self":[{"href":"http:\/\/www.primeranota.cl\/web\/wp-json\/wp\/v2\/posts\/8037"}],"collection":[{"href":"http:\/\/www.primeranota.cl\/web\/wp-json\/wp\/v2\/posts"}],"about":[{"href":"http:\/\/www.primeranota.cl\/web\/wp-json\/wp\/v2\/types\/post"}],"author":[{"embeddable":true,"href":"http:\/\/www.primeranota.cl\/web\/wp-json\/wp\/v2\/users\/2"}],"replies":[{"embeddable":true,"href":"http:\/\/www.primeranota.cl\/web\/wp-json\/wp\/v2\/comments?post=8037"}],"version-history":[{"count":1,"href":"http:\/\/www.primeranota.cl\/web\/wp-json\/wp\/v2\/posts\/8037\/revisions"}],"predecessor-version":[{"id":8038,"href":"http:\/\/www.primeranota.cl\/web\/wp-json\/wp\/v2\/posts\/8037\/revisions\/8038"}],"wp:featuredmedia":[{"embeddable":true,"href":"http:\/\/www.primeranota.cl\/web\/wp-json\/wp\/v2\/media\/4433"}],"wp:attachment":[{"href":"http:\/\/www.primeranota.cl\/web\/wp-json\/wp\/v2\/media?parent=8037"}],"wp:term":[{"taxonomy":"category","embeddable":true,"href":"http:\/\/www.primeranota.cl\/web\/wp-json\/wp\/v2\/categories?post=8037"},{"taxonomy":"post_tag","embeddable":true,"href":"http:\/\/www.primeranota.cl\/web\/wp-json\/wp\/v2\/tags?post=8037"}],"curies":[{"name":"wp","href":"https:\/\/api.w.org\/{rel}","templated":true}]}}