{"id":8071,"date":"2019-06-06T13:12:01","date_gmt":"2019-06-06T17:12:01","guid":{"rendered":"http:\/\/www.primeranota.cl\/web\/?p=8071"},"modified":"2019-06-06T13:12:01","modified_gmt":"2019-06-06T17:12:01","slug":"senador-huenchumilla-valoro-proyecto-que-permite-realizacion-de-examenes-preventivos-sin-restriccion-de-edad","status":"publish","type":"post","link":"http:\/\/www.primeranota.cl\/web\/pais\/senador-huenchumilla-valoro-proyecto-que-permite-realizacion-de-examenes-preventivos-sin-restriccion-de-edad\/","title":{"rendered":"Senador Huenchumilla valor\u00f3 proyecto que permite realizaci\u00f3n de ex\u00e1menes preventivos sin restricci\u00f3n de edad"},"content":{"rendered":"<p><em>Huenchumilla aclar\u00f3 que se \u201cextiende a todas las trabajadoras y trabajadores sin distingo de edad, el permiso anual, por medio d\u00eda, que actualmente tienen las trabajadoras mayores de 40 a\u00f1os y los trabajadores mayores de 50 a\u00f1os, para someterse a ex\u00e1menes de medicina preventiva, de mamograf\u00eda y de pr\u00f3stata.<\/em><\/p>\n<p><strong>\u00a0<\/strong>Como un avance para la salud de los trabajadores defini\u00f3 el senador Francisco Huenchumilla, la aprobaci\u00f3n en general y particular de la moci\u00f3n que suprime el rango etario para ejercer el permiso laboral establecido en el art\u00edculo 66 bis del C\u00f3digo del Trabajo.<\/p>\n<p><strong>\u00a0<\/strong>Al respecto, el parlamentario se\u00f1al\u00f3 que el cuerpo legal tiene por objeto promover una cultura de acci\u00f3n temprana y precoz sobre enfermedades controlables como el c\u00e1ncer de mama y de pr\u00f3stata y otras prestaciones de medicina preventiva, permitiendo la realizaci\u00f3n de los ex\u00e1menes respectivos sin exclusi\u00f3n de edad.<\/p>\n","protected":false},"excerpt":{"rendered":"<p>Huenchumilla aclar\u00f3 que se \u201cextiende a todas las trabajadoras y trabajadores sin distingo de edad, el permiso anual, por medio d\u00eda, que actualmente tienen las&#8230;<\/p>\n","protected":false},"author":2,"featured_media":1073,"comment_status":"closed","ping_status":"open","sticky":false,"template":"","format":"standard","meta":{"footnotes":""},"categories":[4,267],"tags":[],"_links":{"self":[{"href":"http:\/\/www.primeranota.cl\/web\/wp-json\/wp\/v2\/posts\/8071"}],"collection":[{"href":"http:\/\/www.primeranota.cl\/web\/wp-json\/wp\/v2\/posts"}],"about":[{"href":"http:\/\/www.primeranota.cl\/web\/wp-json\/wp\/v2\/types\/post"}],"author":[{"embeddable":true,"href":"http:\/\/www.primeranota.cl\/web\/wp-json\/wp\/v2\/users\/2"}],"replies":[{"embeddable":true,"href":"http:\/\/www.primeranota.cl\/web\/wp-json\/wp\/v2\/comments?post=8071"}],"version-history":[{"count":1,"href":"http:\/\/www.primeranota.cl\/web\/wp-json\/wp\/v2\/posts\/8071\/revisions"}],"predecessor-version":[{"id":8072,"href":"http:\/\/www.primeranota.cl\/web\/wp-json\/wp\/v2\/posts\/8071\/revisions\/8072"}],"wp:featuredmedia":[{"embeddable":true,"href":"http:\/\/www.primeranota.cl\/web\/wp-json\/wp\/v2\/media\/1073"}],"wp:attachment":[{"href":"http:\/\/www.primeranota.cl\/web\/wp-json\/wp\/v2\/media?parent=8071"}],"wp:term":[{"taxonomy":"category","embeddable":true,"href":"http:\/\/www.primeranota.cl\/web\/wp-json\/wp\/v2\/categories?post=8071"},{"taxonomy":"post_tag","embeddable":true,"href":"http:\/\/www.primeranota.cl\/web\/wp-json\/wp\/v2\/tags?post=8071"}],"curies":[{"name":"wp","href":"https:\/\/api.w.org\/{rel}","templated":true}]}}