{"id":8161,"date":"2019-06-11T18:39:24","date_gmt":"2019-06-11T22:39:24","guid":{"rendered":"http:\/\/www.primeranota.cl\/web\/?p=8161"},"modified":"2019-06-11T18:39:24","modified_gmt":"2019-06-11T22:39:24","slug":"huenchumilla-por-eleccion-de-gobernadores-regionales-es-un-camino-que-no-tiene-vuelta-atras","status":"publish","type":"post","link":"http:\/\/www.primeranota.cl\/web\/pais\/huenchumilla-por-eleccion-de-gobernadores-regionales-es-un-camino-que-no-tiene-vuelta-atras\/","title":{"rendered":"Huenchumilla por elecci\u00f3n de Gobernadores Regionales: \u201cEs un camino que no tiene vuelta atr\u00e1s\u201d"},"content":{"rendered":"<p>\u201cEl tema de la descentralizaci\u00f3n del Estado es un camino que no \u00a0tiene vuelta atr\u00e1s. Este Estado viejo que tenemos desde el siglo XIX tiene que ser puesto al d\u00eda conforme a los escenarios que tenemos en el siglo XXI, entonces la descentralizaci\u00f3n lleg\u00f3 para quedarse\u201d, agreg\u00f3.<\/p>\n<p>Adem\u00e1s, el parlamentario DC se\u00f1al\u00f3 que las medidas y pol\u00edticas de Estado que se han tomado, como la elecci\u00f3n de los gobernadores regionales es una cuesti\u00f3n ya zanjada y eso no tiene vuelta atr\u00e1s.<\/p>\n<p>\u201cPor lo mismo, debemos dejar atr\u00e1s el viejo Estado y avanzar a mayores escalas de descentralizaci\u00f3n.\u00a0 Existe un acuerdo y las elecciones tienen que hacerse\u201d, afirm\u00f3 Huenchumilla.<\/p>\n<p>Por \u00faltimo, el senador indic\u00f3 que se pueden concordar las leyes que faltan para complementar las competencias, atribuciones y recursos, porque con voluntad pol\u00edtica se puede hacer, y espero que eso sea el acuerdo del Senado y de los parlamentarios.<\/p>\n","protected":false},"excerpt":{"rendered":"<p>\u201cEl tema de la descentralizaci\u00f3n del Estado es un camino que no \u00a0tiene vuelta atr\u00e1s. Este Estado viejo que tenemos desde el siglo XIX tiene&#8230;<\/p>\n","protected":false},"author":2,"featured_media":1073,"comment_status":"closed","ping_status":"open","sticky":false,"template":"","format":"standard","meta":{"footnotes":""},"categories":[4,267],"tags":[],"_links":{"self":[{"href":"http:\/\/www.primeranota.cl\/web\/wp-json\/wp\/v2\/posts\/8161"}],"collection":[{"href":"http:\/\/www.primeranota.cl\/web\/wp-json\/wp\/v2\/posts"}],"about":[{"href":"http:\/\/www.primeranota.cl\/web\/wp-json\/wp\/v2\/types\/post"}],"author":[{"embeddable":true,"href":"http:\/\/www.primeranota.cl\/web\/wp-json\/wp\/v2\/users\/2"}],"replies":[{"embeddable":true,"href":"http:\/\/www.primeranota.cl\/web\/wp-json\/wp\/v2\/comments?post=8161"}],"version-history":[{"count":1,"href":"http:\/\/www.primeranota.cl\/web\/wp-json\/wp\/v2\/posts\/8161\/revisions"}],"predecessor-version":[{"id":8162,"href":"http:\/\/www.primeranota.cl\/web\/wp-json\/wp\/v2\/posts\/8161\/revisions\/8162"}],"wp:featuredmedia":[{"embeddable":true,"href":"http:\/\/www.primeranota.cl\/web\/wp-json\/wp\/v2\/media\/1073"}],"wp:attachment":[{"href":"http:\/\/www.primeranota.cl\/web\/wp-json\/wp\/v2\/media?parent=8161"}],"wp:term":[{"taxonomy":"category","embeddable":true,"href":"http:\/\/www.primeranota.cl\/web\/wp-json\/wp\/v2\/categories?post=8161"},{"taxonomy":"post_tag","embeddable":true,"href":"http:\/\/www.primeranota.cl\/web\/wp-json\/wp\/v2\/tags?post=8161"}],"curies":[{"name":"wp","href":"https:\/\/api.w.org\/{rel}","templated":true}]}}