{"id":8198,"date":"2019-06-13T08:02:56","date_gmt":"2019-06-13T12:02:56","guid":{"rendered":"http:\/\/www.primeranota.cl\/web\/?p=8198"},"modified":"2019-06-13T08:07:00","modified_gmt":"2019-06-13T12:07:00","slug":"el-poder-negociador-de-chahin-no-existe-en-el-senado","status":"publish","type":"post","link":"http:\/\/www.primeranota.cl\/web\/pais\/el-poder-negociador-de-chahin-no-existe-en-el-senado\/","title":{"rendered":"El poder negociador de Chahin no existe en el senado"},"content":{"rendered":"<p><em>As\u00ed como los senadores ven con incomodidad el acercamiento de Chahin con La Moneda, en el palacio de gobierno tampoco cay\u00f3 bien que hace unos d\u00edas el l\u00edder DC intentara arrinconar al gobierno por la reforma tributaria y declarara que sigue teniendo el \u201csart\u00e9n por el mango\u201d. Al respecto, un integrante del comit\u00e9 pol\u00edtico advierte que las tratativas con el l\u00edder opositor son \u201cde medio tiempo\u201d y que se le advirti\u00f3 que si no hay cambio en su tono las conversaciones continuar\u00e1n, pero con el senador Pizarro.<\/em><\/p>\n<p>\u00bfQu\u00e9 alcance tiene la estrategia del presidente de la DC\u00a0<strong>Fuad Chahin<\/strong>\u00a0de negociar directamente con el gobierno? La pregunta ronda en el Congreso desde que se supo que -en paralelo a las tratativas parlamentarias- el timonel falangista dispuso equipos de negociaci\u00f3n alternativos para las reformas previsional y\u00a0<a href=\"https:\/\/www.latercera.com\/la-tercera-pm\/noticia\/los-negociadores-encubiertos-de-la-dc-para-la-reforma-tributaria\/687432\/\">tributaria.<\/a><\/p>\n<p>La respuesta fuera de micr\u00f3fono entre los senadores de oposici\u00f3n es que la de Chahin es una negociaci\u00f3n de corto alcance que podr\u00eda terminar cuando los proyectos lleguen a la C\u00e1mara Alta.\u00a0Un parlamentario lo grafica as\u00ed: va a pasar lo mismo que ocurri\u00f3 con salario m\u00ednimo el a\u00f1o pasado. Los senadores van a dar vuelta todo lo que negocie Fuad.<\/p>\n<p>El conversaci\u00f3n con\u00a0<strong>La Tercera PM,<\/strong>\u00a0el timonel DC concede que el escenario en el Senado no se viene f\u00e1cil, al menos en lo relativo a la reforma tributaria. Ah\u00ed, la DC tiene cinco representantes y la mayor\u00eda no son cercanos a la mesa directiva.<\/p>\n<p>\u201cEn el tema de reforma previsional no creo que haya problemas porque ah\u00ed est\u00e1 la senadora\u00a0<strong>Carolina Goic,<\/strong>\u00a0que es parte de la mesa de conversaciones. Es verdad que en el tema tributario hay una dificultad mayor, pero esperemos que salga un acuerdo s\u00f3lido de la C\u00e1mara de Diputados\u201d, dijo esta ma\u00f1ana.<\/p>\n<p>En el comit\u00e9 DC los senadores\u00a0<strong>Yasna Provoste, Francisco Huenchumilla y Jorge\u00a0 Pizarro<\/strong>\u00a0se cuentan entre los detractores de la estrategia de negociaci\u00f3n a dos bandas de la mesa directiva. Lo dej\u00f3 ver el senador Pizarro\u00a0<a href=\"https:\/\/www.latercera.com\/politica\/noticia\/jorge-pizarro-senador-expresidente-dc-la-democracia-cristiana-no-se-miden-las-consecuencias-la-conduccion-partidaria\/691146\/\">en la entrevista<\/a>\u00a0que ofreci\u00f3 a\u00a0<strong>La Tercera<\/strong>\u00a0el fin de semana:<\/p>\n<p>\u201cSiempre he pensado que los temas legislativos los tienen que resolver las bancadas\u2026 La forma en c\u00f3mo se han tomado las decisiones, en materia tributaria o de pensiones en supuestos acuerdos con el gobierno, lo que ha hecho es, primero, dividir profundamente a nuestros diputados y, segundo, generar un serio problema en la coordinaci\u00f3n con las otras bancadas\u2026\u201d.<\/p>\n<p>A diferencia de los diputados DC que se han allanado a las negociaciones con el gobierno impulsadas por la mesa directiva, los senadores falangistas creen que es necesario que la oposici\u00f3n\u00a0 se mantenga alineada en la C\u00e1mara Alta.<\/p>\n<p>Fue en ese marco que la senadora Yasna Provoste propuso a la mesa del Senado y al resto de los comit\u00e9s opositores la realizaci\u00f3n del c\u00f3nclave del sector que se realizar\u00e1 el 4 de julio en el ex Congreso, y que busca instalar una bajada com\u00fan frente los planteamientos del Presidente Pi\u00f1era en su cuenta p\u00fablica.<\/p>\n<h2>Distancia de la mesa y los senadores DC<\/h2>\n<p>La distancia de los senadores del partido con la mesa de Chahin es palpable. El timonel DC no se re\u00fane con ellos desde que asumi\u00f3 el cargo. Y la \u00fanica tentativa de acercamiento reciente fracas\u00f3.<\/p>\n<p>La mesa mandat\u00f3 a la vicepresidenta\u00a0<strong>Carmen Frei<\/strong>\u00a0para que coordinara una reuni\u00f3n con los senadores. El tema principal que buscaba plantear la directiva eran los pr\u00f3ximos desaf\u00edos electorales y temas legislativos. Se propuso como fecha tentativa el pr\u00f3ximo 17 de junio.<\/p>\n<p>El encuentro de los senadores con la mesa estaba encaminado. Pero las palabras del timonel democratacristiano el lunes pasado, donde se\u00f1al\u00f3 que los senadores \u201cno han ido a ninguna reuni\u00f3n de mesa ni a ninguna reuni\u00f3n del consejo\u201d, cayeron mal en el comit\u00e9. Tras sus dichos, la cita qued\u00f3 en suspenso.<\/p>\n<p>En el comit\u00e9 DC el principal apoyo de la mesa directiva es la senadora\u00a0<strong>Carolina Goic,\u00a0<\/strong>quien participa en las tratativas del partido por la reforma previsional<strong>.\u00a0<\/strong>De ah\u00ed que Chahin tiene confianza en que esa negociaci\u00f3n podr\u00eda tener m\u00e1s \u00e9xito en la C\u00e1mara Alta.<\/p>\n<p>Sin embargo, tras la cuenta p\u00fablica de Pi\u00f1era del 1 de junio, la senadora Yasna Provoste distribuy\u00f3 entre sus pares una minuta que marca un tono m\u00e1s duro al gobierno frente al tema previsional y que remarca que a los parlamentarios no les basta el compromiso del gobierno de que el 4% de cotizaci\u00f3n adicional quede fuera del alcance de las AFP.<\/p>\n<p><strong>\u201cComo senadores DC seguiremos insistiendo que debemos incorporar la Solidaridad inter e intra generacional al sistema de pensiones<\/strong>\u00a0y que esa es la v\u00eda para mejorar las pensiones ahora a 2,0 millones chilenos\/as que reciben pensiones miserables de las AFP\u2019s y que seguir\u00e1n recibiendo pensiones bajas con la aprobaci\u00f3n del actual proyecto de ley del gobierno que da m\u00ednimos beneficios a partir del a\u00f1o 2027\u2033, dice el texto de Provoste al que accedi\u00f3 este medio.<\/p>\n<p>Los senadores no tienen el esp\u00edritu de negociaci\u00f3n con el gobierno que han mostrado los diputados DC. Est\u00e1n jugados -dicen sus cercanos-\u00a0 en denunciar tambi\u00e9n el abandono de la educaci\u00f3n p\u00fablica y el estancamiento de la econom\u00eda ya que la meta del 3,5% de crecimiento 2019 se ve muy lejana.<\/p>\n<h2>Negociaci\u00f3n de medio tiempo<\/h2>\n<p>En el Senado est\u00e1n convencidos de que el acercamiento de la mesa de Chahin con el gobierno solo ser\u00e1 \u00fatil durante la tramitaci\u00f3n de los proyectos en la C\u00e1mara de Diputados porque no existe posibilidad de que la mesa dicte una orden de partido a los senadores.<\/p>\n<p>De ese modo, el paso siguiente es que La Moneda presione las teclas de siempre y se acerque a hablar con los parlamentarios con los que suele interlocutar: el DC Jorge Pizarro, entre ellos.<\/p>\n","protected":false},"excerpt":{"rendered":"<p>As\u00ed como los senadores ven con incomodidad el acercamiento de Chahin con La Moneda, en el palacio de gobierno tampoco cay\u00f3 bien que hace unos&#8230;<\/p>\n","protected":false},"author":2,"featured_media":1926,"comment_status":"closed","ping_status":"open","sticky":false,"template":"","format":"standard","meta":{"footnotes":""},"categories":[4,267],"tags":[],"_links":{"self":[{"href":"http:\/\/www.primeranota.cl\/web\/wp-json\/wp\/v2\/posts\/8198"}],"collection":[{"href":"http:\/\/www.primeranota.cl\/web\/wp-json\/wp\/v2\/posts"}],"about":[{"href":"http:\/\/www.primeranota.cl\/web\/wp-json\/wp\/v2\/types\/post"}],"author":[{"embeddable":true,"href":"http:\/\/www.primeranota.cl\/web\/wp-json\/wp\/v2\/users\/2"}],"replies":[{"embeddable":true,"href":"http:\/\/www.primeranota.cl\/web\/wp-json\/wp\/v2\/comments?post=8198"}],"version-history":[{"count":3,"href":"http:\/\/www.primeranota.cl\/web\/wp-json\/wp\/v2\/posts\/8198\/revisions"}],"predecessor-version":[{"id":8202,"href":"http:\/\/www.primeranota.cl\/web\/wp-json\/wp\/v2\/posts\/8198\/revisions\/8202"}],"wp:featuredmedia":[{"embeddable":true,"href":"http:\/\/www.primeranota.cl\/web\/wp-json\/wp\/v2\/media\/1926"}],"wp:attachment":[{"href":"http:\/\/www.primeranota.cl\/web\/wp-json\/wp\/v2\/media?parent=8198"}],"wp:term":[{"taxonomy":"category","embeddable":true,"href":"http:\/\/www.primeranota.cl\/web\/wp-json\/wp\/v2\/categories?post=8198"},{"taxonomy":"post_tag","embeddable":true,"href":"http:\/\/www.primeranota.cl\/web\/wp-json\/wp\/v2\/tags?post=8198"}],"curies":[{"name":"wp","href":"https:\/\/api.w.org\/{rel}","templated":true}]}}