{"id":8215,"date":"2019-06-13T11:47:56","date_gmt":"2019-06-13T15:47:56","guid":{"rendered":"http:\/\/www.primeranota.cl\/web\/?p=8215"},"modified":"2019-06-13T11:47:56","modified_gmt":"2019-06-13T15:47:56","slug":"cep-aprobacion-del-gobierno-alcanza-el-25","status":"publish","type":"post","link":"http:\/\/www.primeranota.cl\/web\/pais\/cep-aprobacion-del-gobierno-alcanza-el-25\/","title":{"rendered":"CEP: Aprobaci\u00f3n del gobierno alcanza el 25%"},"content":{"rendered":"<p><strong>Los encuestados le pusieron \u201cnota roja\u201d al desempe\u00f1o del gobierno en los ocho \u00edtems medidos como \u00e1reas en el sondeo:<\/strong>\u00a0transporte p\u00fablico (3,7), crecimiento econ\u00f3mico (3,6), educaci\u00f3n (3,5), inmigraci\u00f3n (3,4), empleo (3,4), delincuencia (3,1), salud (3,0) y pensiones (2,8).<\/p>\n<p>En el anterior sondeo del CEP, dado a conocer en diciembre del a\u00f1o pasado,\u00a0<a href=\"https:\/\/www.latercera.com\/politica\/noticia\/cep-aprobacion-del-gobierno-llega-37-rechazo-alcanza-al-39\/434949\/\" target=\"_blank\" rel=\"noopener\">el desempe\u00f1o del Ejecutivo recib\u00eda 37% de apoyo \u2013doce puntos m\u00e1s que en la encuesta de hoy- y 39% de desaprobaci\u00f3n.<\/a>N\u00fameros que se daban en un contexto complejo para el gobierno, ya que la medici\u00f3n hab\u00eda abarcado algunos d\u00edas del per\u00edodo posterior al incidente que termin\u00f3 con la muerte del comunero mapuche Camilo Catrillanca, ocurrido el 14 de noviembre.<\/p>\n<p><strong>La imagen del propio mandatario tambi\u00e9n sufri\u00f3 una baja equivalente, de 12 puntos:<\/strong>\u00a0el 29% de los encuestados dijo tener una valoraci\u00f3n positiva de \u00e9l y el 40% plante\u00f3 que tiene una evaluaci\u00f3n negativa.<\/p>\n","protected":false},"excerpt":{"rendered":"<p>Los encuestados le pusieron \u201cnota roja\u201d al desempe\u00f1o del gobierno en los ocho \u00edtems medidos como \u00e1reas en el sondeo:\u00a0transporte p\u00fablico (3,7), crecimiento econ\u00f3mico (3,6),&#8230;<\/p>\n","protected":false},"author":2,"featured_media":3791,"comment_status":"closed","ping_status":"open","sticky":false,"template":"","format":"standard","meta":{"footnotes":""},"categories":[4,267],"tags":[],"_links":{"self":[{"href":"http:\/\/www.primeranota.cl\/web\/wp-json\/wp\/v2\/posts\/8215"}],"collection":[{"href":"http:\/\/www.primeranota.cl\/web\/wp-json\/wp\/v2\/posts"}],"about":[{"href":"http:\/\/www.primeranota.cl\/web\/wp-json\/wp\/v2\/types\/post"}],"author":[{"embeddable":true,"href":"http:\/\/www.primeranota.cl\/web\/wp-json\/wp\/v2\/users\/2"}],"replies":[{"embeddable":true,"href":"http:\/\/www.primeranota.cl\/web\/wp-json\/wp\/v2\/comments?post=8215"}],"version-history":[{"count":1,"href":"http:\/\/www.primeranota.cl\/web\/wp-json\/wp\/v2\/posts\/8215\/revisions"}],"predecessor-version":[{"id":8216,"href":"http:\/\/www.primeranota.cl\/web\/wp-json\/wp\/v2\/posts\/8215\/revisions\/8216"}],"wp:featuredmedia":[{"embeddable":true,"href":"http:\/\/www.primeranota.cl\/web\/wp-json\/wp\/v2\/media\/3791"}],"wp:attachment":[{"href":"http:\/\/www.primeranota.cl\/web\/wp-json\/wp\/v2\/media?parent=8215"}],"wp:term":[{"taxonomy":"category","embeddable":true,"href":"http:\/\/www.primeranota.cl\/web\/wp-json\/wp\/v2\/categories?post=8215"},{"taxonomy":"post_tag","embeddable":true,"href":"http:\/\/www.primeranota.cl\/web\/wp-json\/wp\/v2\/tags?post=8215"}],"curies":[{"name":"wp","href":"https:\/\/api.w.org\/{rel}","templated":true}]}}