{"id":8234,"date":"2019-06-14T08:00:50","date_gmt":"2019-06-14T12:00:50","guid":{"rendered":"http:\/\/www.primeranota.cl\/web\/?p=8234"},"modified":"2019-06-14T08:00:50","modified_gmt":"2019-06-14T12:00:50","slug":"joaquin-lavin-el-gran-ganador-de-la-cep","status":"publish","type":"post","link":"http:\/\/www.primeranota.cl\/web\/pais\/joaquin-lavin-el-gran-ganador-de-la-cep\/","title":{"rendered":"Joaqu\u00edn Lav\u00edn el gran ganador de la CEP"},"content":{"rendered":"<p>Con un 56% de aprobaci\u00f3n, la medici\u00f3n que realiza el Centro de Estudios P\u00fablicos (CEP) ubic\u00f3 al alcalde de Las Condes en el primer lugar del ranking de evaluaci\u00f3n de personajes p\u00fablicos, obteniendo 18 puntos m\u00e1s que quien le sigue en la lista, la expresidenta Michelle Bachelet, cuya evaluaci\u00f3n positiva alcanz\u00f3 un 38%. Considerando la \u00faltima medici\u00f3n de octubre-noviembre -y que fue difundida en diciembre de 2018-, el edil gremialista subi\u00f3 ocho puntos, mientras que la alta comisionada ONU para los Derechos Humanos retrocedi\u00f3 cuatro puntos.<\/p>\n<p>De esta forma, Lav\u00edn qued\u00f3 posicionado como la principal figura de la centroderecha, sector que, adem\u00e1s, por primera vez cuenta con una mayor cantidad de personajes pol\u00edticos mejor evaluados que la centroizquierda.<\/p>\n<p>Los resultados para el edil confirmaron la tendencia que han mostrado distintos sondeos y que tienen a Lav\u00edn en la pole position para la presidencial de 2021. Esto, pese a que el alcalde no se ha pronunciado acerca de una nueva carrera a La Moneda, aunque desde la UDI su nombre es mencionado de manera reiterada por distintos dirigentes como una de las principales cartas del partido para asumir la carrera por suceder a Sebasti\u00e1n Pi\u00f1era.<\/p>\n<h2>Ossand\u00f3n gana en RN<\/h2>\n<p>En el tercer lugar del ranking se ubic\u00f3 el senador RN y exalcalde de Puente Alto, Manuel Jos\u00e9 Ossand\u00f3n, con 37% de aprobaci\u00f3n, 13 puntos m\u00e1s que en el sondeo de 2018. El alza del parlamentario coincide con un cambio de estrategia comunicacional que, entre otros elementos, cuenta con apariciones semanales en el matinal Mucho Gusto y otros programas televisivos, como la Divina Comida o Estado Nacional.<\/p>\n<p>Con estos resultados, el parlamentario queda mejor posicionado respecto de otras figuras de RN que -como \u00e9l- han dejado ver sus aspiraciones presidenciales, como los senadores Francisco Chahu\u00e1n y Andr\u00e9s Allamand.<\/p>\n<p>De hecho, el sondeo tambi\u00e9n midi\u00f3 al exministro de Defensa, quien expres\u00f3 -en medio del per\u00edodo de trabajo de campo de la encuesta- su disposici\u00f3n a competir en las pr\u00f3ximas elecciones presidenciales. Sin embargo, Allamand descendi\u00f3 siete puntos respecto de la \u00faltima medici\u00f3n, pasando de 29% a 22% de valoraci\u00f3n positiva. Chahu\u00e1n, en tanto, no fue medido.<\/p>\n<h2>La irrupci\u00f3n de Marcela Cubillos y Cathy Barriga<\/h2>\n<p>Una de las sorpresas que mostr\u00f3 la encuesta CEP fue la irrupci\u00f3n de la ministra de Educaci\u00f3n, Marcela Cubillos, dentro de las cinco figuras pol\u00edticas mejor evaluadas, con un 36% de evaluaci\u00f3n positiva. La secretaria de Estado no hab\u00eda sido medida anteriormente y en su debut anot\u00f3 adem\u00e1s un 46% de conocimiento, una cifra baja, pero que supera en esa variable incluso al presidente de Renovaci\u00f3n Nacional, Mario Desbordes, al alcalde de Valpara\u00edso, Jorge Sharp y al presidente del Partido Socialista y exministro, \u00c1lvaro Elizalde.<\/p>\n<p>Los buenos n\u00fameros de Cubillos se dan en un ambiente de fuertes cr\u00edticas desde la oposici\u00f3n, en particular por proyectos que la secretaria de Estado ha impulsado a la cabeza del Mineduc, como Admisi\u00f3n Justa y Aula Segura, adem\u00e1s de su ausencia en algunas de las sesiones de las comisiones ad hoc en el Senado y la C\u00e1mara.<\/p>\n<p>Otra debutante en el estudio del CEP fue la alcaldesa de Maip\u00fa, Cathy Barriga (Independiente, cercana a la UDI). Y sus n\u00fameros tambi\u00e9n fueron positivos: se ubic\u00f3 en el sexto lugar de aprobaci\u00f3n, alcanzando un 35%. Adem\u00e1s, irrumpi\u00f3 con un alto nivel de conocimiento (85%), quedando por debajo del Presidente Pi\u00f1era y otros tres excandidatos presidenciales: Bachelet, Lav\u00edn y la actual alcaldesa de Providencia, Evelyn Matthei. La exsenadora UDI, en tanto, consigui\u00f3 el mismo porcentaje de valoraci\u00f3n de su par maipucina, pero con un mayor \u00edndice de rechazo.<br \/>\nKast versus Kast<\/p>\n<p>La semana pol\u00edtica se inici\u00f3 con la decisi\u00f3n de Jos\u00e9 Antonio Kast y sus adherentes de iniciar el proceso formal de inscripci\u00f3n de su partido pol\u00edtico, generando un fuerte impacto en Chile Vamos.<br \/>\nY aunque -seg\u00fan comentaron desde su entorno- aquella decisi\u00f3n se precipit\u00f3 por la encuesta CEP, sus efectos no fueron medidos por este sondeo, dado que el trabajo de campo se practic\u00f3 entre el 26 de abril y el 3 de junio, es decir, concluy\u00f3 una semana antes de que se concretara la inscripci\u00f3n de la nueva colectividad.<br \/>\nSin embargo, el expresidenciable s\u00ed fue medido en evaluaci\u00f3n pol\u00edtica, retrocediendo dos puntos porcentuales respecto del a\u00f1o pasado, pasando de 25% a 23%, algo que, no obstante, puede considerarse dentro del margen de error.<\/p>\n<p>El estudio mostr\u00f3, adem\u00e1s, que el exdiputado alcanza una evaluaci\u00f3n negativa de 43%, es decir, casi el doble que su aprobaci\u00f3n, siendo uno de los personajes con el mayor porcentaje de rechazo, solo por debajo de la presidenta de la UDI, Jacqueline van Rysselberghe (49% de rechazo, 17% de aprobaci\u00f3n) y el ministro del Interior, Andr\u00e9s Chadwick (47% de rechazo, 19% de aprobaci\u00f3n).<br \/>\nSeg\u00fan explic\u00f3 Ricardo Gonz\u00e1lez, coordinador del Programa de Opini\u00f3n P\u00fablica del CEP, los resultados del muestreo tambi\u00e9n permitir\u00edan evidenciar que las personas distinguen entre el l\u00edder del Partido Republicano y su sobrino, el senador de Ev\u00f3poli y excandidato presidencial, Felipe Kast.<\/p>\n<p>\u201cEstos datos muestran que la poblaci\u00f3n hoy s\u00ed los est\u00e1 distinguiendo. Vemos que Felipe Kast est\u00e1 con un 31% de evaluaci\u00f3n positiva y Jos\u00e9 Antonio Kast con un 23%, o sea, una diferencia bastante importante\u201d, explic\u00f3.<\/p>\n","protected":false},"excerpt":{"rendered":"<p>Con un 56% de aprobaci\u00f3n, la medici\u00f3n que realiza el Centro de Estudios P\u00fablicos (CEP) ubic\u00f3 al alcalde de Las Condes en el primer lugar&#8230;<\/p>\n","protected":false},"author":2,"featured_media":4433,"comment_status":"closed","ping_status":"open","sticky":false,"template":"","format":"standard","meta":{"footnotes":""},"categories":[4,267],"tags":[],"_links":{"self":[{"href":"http:\/\/www.primeranota.cl\/web\/wp-json\/wp\/v2\/posts\/8234"}],"collection":[{"href":"http:\/\/www.primeranota.cl\/web\/wp-json\/wp\/v2\/posts"}],"about":[{"href":"http:\/\/www.primeranota.cl\/web\/wp-json\/wp\/v2\/types\/post"}],"author":[{"embeddable":true,"href":"http:\/\/www.primeranota.cl\/web\/wp-json\/wp\/v2\/users\/2"}],"replies":[{"embeddable":true,"href":"http:\/\/www.primeranota.cl\/web\/wp-json\/wp\/v2\/comments?post=8234"}],"version-history":[{"count":1,"href":"http:\/\/www.primeranota.cl\/web\/wp-json\/wp\/v2\/posts\/8234\/revisions"}],"predecessor-version":[{"id":8235,"href":"http:\/\/www.primeranota.cl\/web\/wp-json\/wp\/v2\/posts\/8234\/revisions\/8235"}],"wp:featuredmedia":[{"embeddable":true,"href":"http:\/\/www.primeranota.cl\/web\/wp-json\/wp\/v2\/media\/4433"}],"wp:attachment":[{"href":"http:\/\/www.primeranota.cl\/web\/wp-json\/wp\/v2\/media?parent=8234"}],"wp:term":[{"taxonomy":"category","embeddable":true,"href":"http:\/\/www.primeranota.cl\/web\/wp-json\/wp\/v2\/categories?post=8234"},{"taxonomy":"post_tag","embeddable":true,"href":"http:\/\/www.primeranota.cl\/web\/wp-json\/wp\/v2\/tags?post=8234"}],"curies":[{"name":"wp","href":"https:\/\/api.w.org\/{rel}","templated":true}]}}