{"id":8244,"date":"2019-06-15T08:35:49","date_gmt":"2019-06-15T12:35:49","guid":{"rendered":"http:\/\/www.primeranota.cl\/web\/?p=8244"},"modified":"2019-06-15T08:35:49","modified_gmt":"2019-06-15T12:35:49","slug":"senadora-aravena-propone-ajustes-en-el-desarrollo-de-la-consulta-indigena","status":"publish","type":"post","link":"http:\/\/www.primeranota.cl\/web\/pais\/senadora-aravena-propone-ajustes-en-el-desarrollo-de-la-consulta-indigena\/","title":{"rendered":"Senadora Aravena propone ajustes en el desarrollo de la Consulta Ind\u00edgena"},"content":{"rendered":"<p>La Senadora Carmen Gloria Aravena plante\u00f3 la posibilidad de realizar modificaciones en el desarrollo de la Consulta Ind\u00edgena que se realiza a nivel nacional y principalmente a su implementaci\u00f3n en la novena regi\u00f3n. Para la parlamentaria por la Araucan\u00eda, el cambio de Ministro de Desarrollo Social, cartera que lidera el proceso a trav\u00e9s de la Unidad de Coordinaci\u00f3n de Asuntos Ind\u00edgenas, es una oportunidad para hacer los ajustes que sean necesarios.<\/p>\n<p>\u201cEl ex ministro Moreno hizo un gran esfuerzo. Sin embargo, durante la primera semana vimos diversos problemas en las primeras siete comunas donde se intent\u00f3 llevar a cabo la Consulta Ind\u00edgena. Es por esto, que le pido al nuevo ministro que analice en profundidad el procedimiento, porque sin duda es necesario modificar la metodolog\u00eda e involucrar a los alcaldes, parlamentarios y sociedad civil en general, para as\u00ed poder realizar un trabajo m\u00e1s coordinado\u201d, indic\u00f3 Aravena.<\/p>\n<p>La legisladora record\u00f3 que la Consulta es un mecanismo de participaci\u00f3n basado en el di\u00e1logo entre el Estado y los Pueblos Ind\u00edgenas, ante todo es un derecho de los Pueblos y un deber del Estado que proviene del Convenio 169 de la OIT, el que est\u00e1 regulado internamente en nuestro pa\u00eds a trav\u00e9s del Decreto Supremo 66.<\/p>\n<p>\u201cEl objetivo de \u00e9sta Consulta es llegar a acuerdo mediante el di\u00e1logo y tener el consentimiento de los pueblos para llevar a cabo una modificaci\u00f3n legislativa que permitir\u00e1 a los integrantes de las diversas comunidades tener mayor libertad para emprender. Hay que recordar adem\u00e1s que las 11 medidas no nacen del imaginario exclusivo del Ejecutivo, sino que de un trabajo previo y de diversas encuestas realizadas por la Fundaci\u00f3n Aitue\u201d, explic\u00f3 Aravena.<\/p>\n<p>La senadora reconoci\u00f3 que en un principio hubo poca informaci\u00f3n y difusi\u00f3n del proceso que se llevar\u00eda a cabo para actualizar la Ley Ind\u00edgena, lo que signific\u00f3 la oportunidad para que algunos grupos radicalizados pudiesen infundir temor y entregar informaci\u00f3n err\u00f3nea. \u201cA\u00fan falta que se realice cerca de la mitad de las 32 reuniones previstas en nuestra regi\u00f3n, las que esperamos se realicen de manera coordinada y con difusi\u00f3n adecuada para que participen la mayor cantidad de personas de nuestros pueblos ind\u00edgenas\u201d, puntualiz\u00f3.<\/p>\n<p>Finalmente, Carmen Gloria Aravena, reiter\u00f3 su total compromiso por trabajar con el pueblo mapuche tal y como lo viene haciendo desde hace a\u00f1os.<\/p>\n","protected":false},"excerpt":{"rendered":"<p>La Senadora Carmen Gloria Aravena plante\u00f3 la posibilidad de realizar modificaciones en el desarrollo de la Consulta Ind\u00edgena que se realiza a nivel nacional y&#8230;<\/p>\n","protected":false},"author":2,"featured_media":5003,"comment_status":"closed","ping_status":"open","sticky":false,"template":"","format":"standard","meta":{"footnotes":""},"categories":[4,267],"tags":[],"_links":{"self":[{"href":"http:\/\/www.primeranota.cl\/web\/wp-json\/wp\/v2\/posts\/8244"}],"collection":[{"href":"http:\/\/www.primeranota.cl\/web\/wp-json\/wp\/v2\/posts"}],"about":[{"href":"http:\/\/www.primeranota.cl\/web\/wp-json\/wp\/v2\/types\/post"}],"author":[{"embeddable":true,"href":"http:\/\/www.primeranota.cl\/web\/wp-json\/wp\/v2\/users\/2"}],"replies":[{"embeddable":true,"href":"http:\/\/www.primeranota.cl\/web\/wp-json\/wp\/v2\/comments?post=8244"}],"version-history":[{"count":1,"href":"http:\/\/www.primeranota.cl\/web\/wp-json\/wp\/v2\/posts\/8244\/revisions"}],"predecessor-version":[{"id":8245,"href":"http:\/\/www.primeranota.cl\/web\/wp-json\/wp\/v2\/posts\/8244\/revisions\/8245"}],"wp:featuredmedia":[{"embeddable":true,"href":"http:\/\/www.primeranota.cl\/web\/wp-json\/wp\/v2\/media\/5003"}],"wp:attachment":[{"href":"http:\/\/www.primeranota.cl\/web\/wp-json\/wp\/v2\/media?parent=8244"}],"wp:term":[{"taxonomy":"category","embeddable":true,"href":"http:\/\/www.primeranota.cl\/web\/wp-json\/wp\/v2\/categories?post=8244"},{"taxonomy":"post_tag","embeddable":true,"href":"http:\/\/www.primeranota.cl\/web\/wp-json\/wp\/v2\/tags?post=8244"}],"curies":[{"name":"wp","href":"https:\/\/api.w.org\/{rel}","templated":true}]}}