{"id":8259,"date":"2019-06-16T09:11:58","date_gmt":"2019-06-16T13:11:58","guid":{"rendered":"http:\/\/www.primeranota.cl\/web\/?p=8259"},"modified":"2019-06-16T09:11:58","modified_gmt":"2019-06-16T13:11:58","slug":"manalich-respalda-al-equipo-politico-del-gobierno-para-un-congreso-de-oposicion-esta-haciendo-un-muy-buen-trabajo","status":"publish","type":"post","link":"http:\/\/www.primeranota.cl\/web\/pais\/manalich-respalda-al-equipo-politico-del-gobierno-para-un-congreso-de-oposicion-esta-haciendo-un-muy-buen-trabajo\/","title":{"rendered":"Ma\u00f1alich respalda al equipo pol\u00edtico del Gobierno: &#8220;Para un Congreso de oposici\u00f3n est\u00e1 haciendo un muy buen trabajo&#8221;"},"content":{"rendered":"<div class=\"container-fluid\">\n<section class=\"col-sm-12 col-md-12 datos-noticias\">\n<div class=\"row\"><\/div>\n<\/section>\n<\/div>\n<div class=\"container-fluid\">\n<div class=\"row table-layout\">\n<div class=\"columna-principal\">\n<div class=\"row\">\n<div class=\"col-sm-12 col-md-12 primera-columna bloque-principal\">\n<div class=\"row mr-0\">\n<section class=\"col-sm-12 col-md-12 noticia-single-post\">\n<div class=\"row\">\n<article class=\"col-sm-12 col-md-12\">\n<div class=\"col-sm-12 col-md-12 txt-post\">\n<div class=\"row\">\n<div id=\"noticia\" class=\"col-xs-12 col-sm-8 col-md-10 cuerpo-noticia\">\n<p>En entrevista con El Mercurio, el nuevo secretario de Estado aasegura que asumi\u00f3 &#8220;el primer mandato del Ministerio fundamentalmente desde la perspectiva de un t\u00e9cnico, de un conocedor de la administraci\u00f3n de hospitales, de la inversi\u00f3n&#8221;. Cabe mencionar que Ma\u00f1alich viene de su cargo de gerente general en Cl\u00ednica Las Condes, principal proveedor de camas privadas para el sistema de sal\u00fad p\u00fablico.<\/p>\n<p>Adem\u00e1s, dijo que ahora jugar\u00e1 un rol &#8220;muy fuerte en lo pol\u00edtico&#8221;, en comparaci\u00f3n al principalmente t\u00e9cnico que realiz\u00f3, a su juicio, cuando fue titular de la misma cartera entre 2010 y 2014.<\/p>\n<p>El nuevo jefe de la cartera asegura que lleg\u00f3 con el mandato de dinamizar el sector y \u201chacer que las cosas ocurran\u201d. Para ello, afirma, debe sacar adelante en el Congreso una serie de proyectos.<\/p>\n<p>En esa misma l\u00ednea, manifest\u00f3 su opini\u00f3n respecto a que el cambio ministerial no haya tocado al equipo pol\u00edtico, es decir, al n\u00facleo pi\u00f1erista del gabinete.<\/p>\n<div class=\"publicidadNotas\">\n<div id=\"div-gpt-ad-1548265930151-0\">\u201cYo creo que el equipo pol\u00edtico para un Congreso que es tan fuertemente de oposici\u00f3n est\u00e1 haciendo un muy buen trabajo. No me corresponde a m\u00ed opinar sobre las decisiones del Presidente, pero creo que es una buena idea haber mantenido a todas esas personas que han demostrado un gran trabajo en equipo. El esfuerzo del cambio de gabinete es fundamentalmente el fortalecer la l\u00ednea econ\u00f3mico-financiera del Gobierno, por cuanto esa es la situaci\u00f3n que tiene m\u00e1s decepcionada o preocupada a la ciudadan\u00eda\u201d, dijo al matutino.<\/div>\n<\/div>\n<p>Ma\u00f1alich llega con fe y en su primera reuni\u00f3n con el Mandatario, asegura que \u201cle fue bien\u201d, y anticipa que habr\u00e1 anuncios presidenciales pronto.<\/p>\n<p>Finalmente, el nuevo ministro aprovech\u00f3 para repasar la gesti\u00f3n de su predecesor, Emilio Santelices. Ma\u00f1alich asegura que la evaluaci\u00f3n que hace Pi\u00f1era es buena, ya que \u201ccumpli\u00f3 con poner todos los proyectos de ley en el Parlamento\u201d que se le hab\u00edan encargado. Pero afirma que ante el escenario econ\u00f3mico actual, \u201cel Presidente ha acentuado un c\u00edrculo donde haya una capacidad de jugar mucho m\u00e1s al toque r\u00e1pido, de entendimientos veloces\u201d.<\/p>\n<\/div>\n<\/div>\n<\/div>\n<\/article>\n<\/div>\n<\/section>\n<\/div>\n<\/div>\n<\/div>\n<\/div>\n<\/div>\n<\/div>\n","protected":false},"excerpt":{"rendered":"<p>En entrevista con El Mercurio, el nuevo secretario de Estado aasegura que asumi\u00f3 &#8220;el primer mandato del Ministerio fundamentalmente desde la perspectiva de un t\u00e9cnico,&#8230;<\/p>\n","protected":false},"author":2,"featured_media":8260,"comment_status":"closed","ping_status":"open","sticky":false,"template":"","format":"standard","meta":{"footnotes":""},"categories":[4,267],"tags":[],"_links":{"self":[{"href":"http:\/\/www.primeranota.cl\/web\/wp-json\/wp\/v2\/posts\/8259"}],"collection":[{"href":"http:\/\/www.primeranota.cl\/web\/wp-json\/wp\/v2\/posts"}],"about":[{"href":"http:\/\/www.primeranota.cl\/web\/wp-json\/wp\/v2\/types\/post"}],"author":[{"embeddable":true,"href":"http:\/\/www.primeranota.cl\/web\/wp-json\/wp\/v2\/users\/2"}],"replies":[{"embeddable":true,"href":"http:\/\/www.primeranota.cl\/web\/wp-json\/wp\/v2\/comments?post=8259"}],"version-history":[{"count":1,"href":"http:\/\/www.primeranota.cl\/web\/wp-json\/wp\/v2\/posts\/8259\/revisions"}],"predecessor-version":[{"id":8261,"href":"http:\/\/www.primeranota.cl\/web\/wp-json\/wp\/v2\/posts\/8259\/revisions\/8261"}],"wp:featuredmedia":[{"embeddable":true,"href":"http:\/\/www.primeranota.cl\/web\/wp-json\/wp\/v2\/media\/8260"}],"wp:attachment":[{"href":"http:\/\/www.primeranota.cl\/web\/wp-json\/wp\/v2\/media?parent=8259"}],"wp:term":[{"taxonomy":"category","embeddable":true,"href":"http:\/\/www.primeranota.cl\/web\/wp-json\/wp\/v2\/categories?post=8259"},{"taxonomy":"post_tag","embeddable":true,"href":"http:\/\/www.primeranota.cl\/web\/wp-json\/wp\/v2\/tags?post=8259"}],"curies":[{"name":"wp","href":"https:\/\/api.w.org\/{rel}","templated":true}]}}