{"id":8305,"date":"2019-06-18T08:13:30","date_gmt":"2019-06-18T12:13:30","guid":{"rendered":"http:\/\/www.primeranota.cl\/web\/?p=8305"},"modified":"2019-06-18T08:13:30","modified_gmt":"2019-06-18T12:13:30","slug":"rn-se-reune-con-posibles-presidenciables","status":"publish","type":"post","link":"http:\/\/www.primeranota.cl\/web\/pais\/rn-se-reune-con-posibles-presidenciables\/","title":{"rendered":"RN se re\u00fane con posibles presidenciables"},"content":{"rendered":"<p><strong>Renovaci\u00f3n Nacional (RN)<\/strong>\u00a0ya trabaja en el despliegue de quienes marcan el liderazgo en el partido y de quienes han manifestado su\u00a0<strong>inter\u00e9s y disposici\u00f3n de ser candidatos presidenciales<\/strong>, como los senadores\u00a0<strong>Andr\u00e9s Allamand, Francisco Chahu\u00e1n y Manuel Jos\u00e9 Ossand\u00f3n.\u00a0<\/strong><\/p>\n<p>El presidente del partido,\u00a0<strong>Mario Desbordes<\/strong>, hab\u00eda adelantado previamente que se realizar\u00edan citas con cada uno de ellos, pero dejando claro que\u00a0<strong>no se est\u00e1 anticipando la carrera presidencial<\/strong>.<\/p>\n<p>Este lunes se realiz\u00f3 la primera cita con la mesa nacional del partido, a la que lleg\u00f3 el senador\u00a0<strong>Andr\u00e9s Allamand<\/strong>\u00a0durante la tarde.<\/p>\n<p>En ese sentido, el secretario general\u00a0<strong>Felipe Cisternas &#8211;<\/strong>que particip\u00f3 en la cita- explic\u00f3 que &#8220;nosotros estamos muy claros en el sentido de sostener y pregonar a los cuatro vientos de que\u00a0<strong>hoy, efectivamente no es el momento de abordar la materia presidencial porque falta mucho tiempo<\/strong>&#8220;.<\/p>\n<p>&#8220;Primero que todo,<strong>\u00a0tenemos que preocuparnos del tema eleccionario futuro que viene y ese es el municipal y el de gobernadores regionales<\/strong>. Lo que estamos haciendo ahora es<strong>abordar un tema de realismo<\/strong>, en el sentido de conversar con la gente que s\u00ed ha manifestado inter\u00e9s y ayudar a que el Gobierno de Sebasti\u00e1n Pi\u00f1era le vaya sumamente bien. Necesariamente nos tiene que ir bien para que tengamos un segundo Gobierno de Chile Vamos&#8221;, manifest\u00f3.<\/p>\n<p><em><strong>Chahu\u00e1n: Hay que ponerse a disposici\u00f3n del partido<\/strong><strong>\u00a0<\/strong><\/em><\/p>\n<p>Los encuentros se est\u00e1n realizando en orden alfab\u00e9tico, por lo que la siguiente cita que har\u00e1 la directiva ser\u00e1 con el senador\u00a0<strong>Francisco Chahu\u00e1n\u00a0<\/strong>el pr\u00f3ximo\u00a0<strong>8 de julio<\/strong>.<\/p>\n<p>Al respecto, Chahu\u00e1n manifest\u00f3 a\u00a0<strong>Cooperativa\u00a0<\/strong>que &#8220;<strong>nosotros hemos se\u00f1alado que ac\u00e1 no hay que adelantar la carrera presidencial, pero s\u00ed, poner al servicio de la coalici\u00f3n y del partido<\/strong>, los liderazgos de Renovaci\u00f3n Nacional&#8221;.<\/p>\n<p>&#8220;En eso estamos empe\u00f1ados, al menos los tres que hemos sido convocados por la directiva nacional.\u00a0<strong>Hemos estado coordinando nuestros despliegues en regiones<\/strong>\u00a0y, por supuesto, teniendo en cuenta que tenemos que, en nuestras propias circunscripciones, elegir a los mejores con miras a las elecciones municipales&#8221;, agreg\u00f3.<\/p>\n<p>La \u00faltima reuni\u00f3n de la directiva la tendr\u00e1 el senador\u00a0<strong>Manuel Jos\u00e9 Ossand\u00f3n.\u00a0<\/strong><\/p>\n","protected":false},"excerpt":{"rendered":"<p>Renovaci\u00f3n Nacional (RN)\u00a0ya trabaja en el despliegue de quienes marcan el liderazgo en el partido y de quienes han manifestado su\u00a0inter\u00e9s y disposici\u00f3n de ser&#8230;<\/p>\n","protected":false},"author":2,"featured_media":5528,"comment_status":"closed","ping_status":"open","sticky":false,"template":"","format":"standard","meta":{"footnotes":""},"categories":[4,267],"tags":[],"_links":{"self":[{"href":"http:\/\/www.primeranota.cl\/web\/wp-json\/wp\/v2\/posts\/8305"}],"collection":[{"href":"http:\/\/www.primeranota.cl\/web\/wp-json\/wp\/v2\/posts"}],"about":[{"href":"http:\/\/www.primeranota.cl\/web\/wp-json\/wp\/v2\/types\/post"}],"author":[{"embeddable":true,"href":"http:\/\/www.primeranota.cl\/web\/wp-json\/wp\/v2\/users\/2"}],"replies":[{"embeddable":true,"href":"http:\/\/www.primeranota.cl\/web\/wp-json\/wp\/v2\/comments?post=8305"}],"version-history":[{"count":1,"href":"http:\/\/www.primeranota.cl\/web\/wp-json\/wp\/v2\/posts\/8305\/revisions"}],"predecessor-version":[{"id":8306,"href":"http:\/\/www.primeranota.cl\/web\/wp-json\/wp\/v2\/posts\/8305\/revisions\/8306"}],"wp:featuredmedia":[{"embeddable":true,"href":"http:\/\/www.primeranota.cl\/web\/wp-json\/wp\/v2\/media\/5528"}],"wp:attachment":[{"href":"http:\/\/www.primeranota.cl\/web\/wp-json\/wp\/v2\/media?parent=8305"}],"wp:term":[{"taxonomy":"category","embeddable":true,"href":"http:\/\/www.primeranota.cl\/web\/wp-json\/wp\/v2\/categories?post=8305"},{"taxonomy":"post_tag","embeddable":true,"href":"http:\/\/www.primeranota.cl\/web\/wp-json\/wp\/v2\/tags?post=8305"}],"curies":[{"name":"wp","href":"https:\/\/api.w.org\/{rel}","templated":true}]}}