{"id":8425,"date":"2019-06-23T09:22:41","date_gmt":"2019-06-23T13:22:41","guid":{"rendered":"http:\/\/www.primeranota.cl\/web\/?p=8425"},"modified":"2019-06-23T09:22:41","modified_gmt":"2019-06-23T13:22:41","slug":"gobierno-estudia-incluir-el-alzheimer-al-plan-auge","status":"publish","type":"post","link":"http:\/\/www.primeranota.cl\/web\/pais\/gobierno-estudia-incluir-el-alzheimer-al-plan-auge\/","title":{"rendered":"Gobierno estudia incluir el alzh\u00e9imer al plan AUGE"},"content":{"rendered":"<p>En el a\u00f1o en que se debe actualizar el decreto del\u00a0<strong>plan AUGE<\/strong>\u00a0\u2013que se hace cada tres-, el Gobierno estudia\u00a0<strong>sumar el alzh\u00e9imer y algunos tipos de c\u00e1nceres<\/strong>\u00a0a las 80 patolog\u00edas que cubre actualmente.<\/p>\n<p>As\u00ed lo coment\u00f3 el\u00a0<a href=\"https:\/\/www.cooperativa.cl\/noticias\/pais\/salud\/exigen-disculpas-a-manalich-por-polemicos-dichos-sobre-la-ley-del-cancer\/2019-06-19\/145223.html\">recientemente asumido ministro de Salud,\u00a0<strong>Jaime Ma\u00f1alich<\/strong><\/a>, quien explic\u00f3 que &#8220;hay dos \u00edtems que claramente tienen prioridad&#8221;, que son &#8220;incluir uno o m\u00e1s c\u00e1nceres que hoy no est\u00e1n cubiertos&#8221;, y &#8220;la enfermedad de Alzheimer, cuyo estudio est\u00e1 totalmente avanzado&#8221;, public\u00f3 hoy\u00a0<em>El Mercurio<\/em>.<\/p>\n<p>Tal como lo hizo la Administraci\u00f3n de Michelle Bachelet en 2016, el actual Ejecutivo, con el ahora ex titular de Salud\u00a0<a href=\"https:\/\/www.cooperativa.cl\/noticias\/pais\/salud\/auge\/auge-incorporara-test-rapidos-de-vih-y-sillas-de-ruedas-neurologicas\/2019-05-25\/115252.html\">Emilio Santelices, hab\u00eda decidido no incorporar nuevas enfermedades este a\u00f1o<\/a>. Sin embargo, Ma\u00f1alich decidi\u00f3 retirar el decreto con esa decisi\u00f3n, que ya estaba en la Contralor\u00eda, para a\u00f1adirle modificaciones.<\/p>\n<p>De acuerdo con el matutino, el ministro afirm\u00f3 que el nuevo decreto ser\u00e1 reingresado pronto, debido a que ya existe un\u00a0<strong>estudio sobre el costo estimado<\/strong>\u00a0de eventualmente a\u00f1adir 10 patolog\u00edas a las garant\u00edas del plan AUGE.<\/p>\n<p>El an\u00e1lisis evalu\u00f3 el costo el mal de\u00a0<strong>Alzheimer<\/strong>, el\u00a0<strong>c\u00e1ncer de pulm\u00f3n<\/strong>, el c\u00e1ncer renal, el\u00a0<strong>c\u00e1ncer de tiroides<\/strong>, el\u00a0<strong>mieloma m\u00faltiple<\/strong>\u00a0\u2013c\u00e1ncer que ataca la m\u00e9dula \u00f3sea-, la\u00a0<strong>depresi\u00f3n de adolescentes<\/strong>, la\u00a0<strong>\u00falcera venosa<\/strong>, la\u00a0<strong>insuficiencia card\u00edaca<\/strong>, los\u00a0<strong>cuidados paliativos no oncol\u00f3gicos<\/strong>\u00a0y el\u00a0<strong>glaucoma<\/strong>.<\/p>\n<p>Seg\u00fan el documento del Minsal, incluir el\u00a0<strong>alzh\u00e9imer<\/strong>\u00a0costar\u00eda\u00a0<strong>9.323 millones de pesos<\/strong>anuales, en beneficio de\u00a0<strong>215 mil pacientes<\/strong>\u00a0tanto en Fonasa como en ispares. En tanto, el c\u00e1ncer pulmonar en mayores de 15 a\u00f1os, 27.431 para beneficiar a m\u00e1s de 3.100 personas.<\/p>\n<p><strong><em>Preocupaci\u00f3n por financiamiento<\/em><\/strong><\/p>\n<p>No obstante, esta idea preocupa a los expertos.\u00a0<strong>Manuel Inostroza<\/strong>, quien form\u00f3 parte del consejo consultivo AUGE en el segundo Gobierno de Bachelet, plantea que para incluir nuevas enfermedades\u00a0<strong>se deben aumentar los recursos<\/strong>, ya que &#8220;la prima que hoy financia al plan fue dise\u00f1ada s\u00f3lo para 56 patolog\u00edas y hoy est\u00e1 financiando 80&#8221;.<\/p>\n<p>&#8220;<strong>Si se agregan enfermedades sin m\u00e1s fondos, van aumentar las listas de espera y va a crecer la deuda hospitalaria del sistema<\/strong>&#8220;, advirti\u00f3.<\/p>\n<p>Lo anterior ya que, pese a que el AUGE establece plazos m\u00e1ximos para entregar las atenciones garantizadas \u2013por lo que no debe haber lista de espera-, hasta marzo del corriente hab\u00eda\u00a0<strong>m\u00e1s de 6 mil atenciones pendientes<\/strong>.<\/p>\n","protected":false},"excerpt":{"rendered":"<p>En el a\u00f1o en que se debe actualizar el decreto del\u00a0plan AUGE\u00a0\u2013que se hace cada tres-, el Gobierno estudia\u00a0sumar el alzh\u00e9imer y algunos tipos de&#8230;<\/p>\n","protected":false},"author":2,"featured_media":2578,"comment_status":"closed","ping_status":"open","sticky":false,"template":"","format":"standard","meta":{"footnotes":""},"categories":[4,267],"tags":[],"_links":{"self":[{"href":"http:\/\/www.primeranota.cl\/web\/wp-json\/wp\/v2\/posts\/8425"}],"collection":[{"href":"http:\/\/www.primeranota.cl\/web\/wp-json\/wp\/v2\/posts"}],"about":[{"href":"http:\/\/www.primeranota.cl\/web\/wp-json\/wp\/v2\/types\/post"}],"author":[{"embeddable":true,"href":"http:\/\/www.primeranota.cl\/web\/wp-json\/wp\/v2\/users\/2"}],"replies":[{"embeddable":true,"href":"http:\/\/www.primeranota.cl\/web\/wp-json\/wp\/v2\/comments?post=8425"}],"version-history":[{"count":1,"href":"http:\/\/www.primeranota.cl\/web\/wp-json\/wp\/v2\/posts\/8425\/revisions"}],"predecessor-version":[{"id":8426,"href":"http:\/\/www.primeranota.cl\/web\/wp-json\/wp\/v2\/posts\/8425\/revisions\/8426"}],"wp:featuredmedia":[{"embeddable":true,"href":"http:\/\/www.primeranota.cl\/web\/wp-json\/wp\/v2\/media\/2578"}],"wp:attachment":[{"href":"http:\/\/www.primeranota.cl\/web\/wp-json\/wp\/v2\/media?parent=8425"}],"wp:term":[{"taxonomy":"category","embeddable":true,"href":"http:\/\/www.primeranota.cl\/web\/wp-json\/wp\/v2\/categories?post=8425"},{"taxonomy":"post_tag","embeddable":true,"href":"http:\/\/www.primeranota.cl\/web\/wp-json\/wp\/v2\/tags?post=8425"}],"curies":[{"name":"wp","href":"https:\/\/api.w.org\/{rel}","templated":true}]}}