{"id":8487,"date":"2019-06-26T08:38:51","date_gmt":"2019-06-26T12:38:51","guid":{"rendered":"http:\/\/www.primeranota.cl\/web\/?p=8487"},"modified":"2019-06-26T08:40:34","modified_gmt":"2019-06-26T12:40:34","slug":"dc-diputado-ortiz-acuerdo-de-chahin-con-el-gobierno-pone-en-juego-su-prestigio-politico","status":"publish","type":"post","link":"http:\/\/www.primeranota.cl\/web\/pais\/dc-diputado-ortiz-acuerdo-de-chahin-con-el-gobierno-pone-en-juego-su-prestigio-politico\/","title":{"rendered":"DC: Diputado Ortiz , acuerdo de Chahin con el Gobierno pone en juego su &#8220;prestigio pol\u00edtico&#8221;"},"content":{"rendered":"<div class=\"col col-12 autor-noticia-post\"><\/div>\n<p class=\"excerpt content-sm\">Jos\u00e9 Miguel Ortiz es uno de los diputados DC integrantes de la comisi\u00f3n de Hacienda y no estuvo en la firma del controvertido protocolo el fin de semana pasado, bajo el argumento de que \u201cno me gusta firmar cheques en blanco\u201d. A su juicio, en la negociaci\u00f3n con el Ejecutivo fue directa entre el presidente del partido y el Gobierno, y \u201cno se cumplieron los pasos que correspond\u00edan\u201d. Ante las cr\u00edticas, el ministro de Hacienda, Felipe Larra\u00edn, dijo hoy que \u201cmuchos de los planteamientos que se hacen respecto de la integraci\u00f3n est\u00e1n equivocados\u201d.<\/p>\n<section class=\"publicidad\">\n<div id=\"div-gpt-ad-1548169644917-0\" data-google-query-id=\"CIa44NuTh-MCFQ0FuQYd4m8CzA\">\n<div id=\"google_ads_iframe_\/3234986\/m.elmo.320x50.1_0__container__\">Las cr\u00edticas y las dudas siguen instaladas al interior de la Falange tras el acuerdo tributario firmado por el Gobierno con el presidente del partido, Fuad Chahin. Ahora, el turno de expresar sus reparos con la jugada del timonel DC fue del diputado Jos\u00e9 Miguel Ortiz.<\/div>\n<\/div>\n<\/section>\n<div id=\"noticia\" class=\"cuerpo-noticia\">\n<p>Ortiz es integrante de la comisi\u00f3n de Hacienda y no estuvo en la firma del controvertido protocolo el fin de semana pasado, bajo el argumento de que \u201cno me gusta firmar cheques en blanco\u201d.<\/p>\n<section class=\"col-xs-12 col-sm-12 col-md-12 articulos-relacionados\">\n<div class=\"row\">\n<article class=\"timeline-style\">\n<p class=\"autor-noticia-post\">Su otro colega DC en la instancia parlamentaria, Pablo Lorenzini, s\u00ed estuvo presente en la presentaci\u00f3n del acuerdo pero \u201cdesapareci\u00f3\u201d en el momento de la firma, molesto por la imprevista presencia del Presidente Sebasti\u00e1n Pi\u00f1era al sellarse el acuerdo.<\/p>\n<\/article>\n<\/div>\n<\/section>\n<p>A juicio de Ortiz, con esta negociaci\u00f3n Chahin \u201cse est\u00e1 jugando su prestigio de \u00e9l como pol\u00edtico (\u2026) Estoy convencido que la negociaci\u00f3n fue directa entre Gobierno y el presidente del partido. Tiene que demostrar que lo que se firm\u00f3 es lo que tenemos que hacer. Espero que lo revisemos seriamente porque va a incidir en los pr\u00f3ximos 10 \u00f3 15 a\u00f1os\u201d.<\/p>\n<p>En conversaci\u00f3n con\u00a0<em>Radio La Clave<\/em>, Ortiz sostuvo que en la negociaci\u00f3n de la DC con el Ejecutivo y que se plasmaron en u protocolo que consagra la reintegraci\u00f3n tributaria \u201cno se cumplieron los pasos que correspond\u00edan\u201d porque \u201cno hay ninguna decisi\u00f3n de los diputados que fuimos elegidos para legislar en ese sentido\u201d.<\/p>\n<div class=\"publicidadNotas\">\n<div class=\"rtb-mobile-banner__wrapper\">\n<div class=\"rtb-mobile-banner rtb-mobile-banner--plus\">\n<div id=\"div-gpt-ad-1559144221978-0\" data-google-query-id=\"COTfh9yTh-MCFXIGuQYd2SkGLg\">\n<div id=\"google_ads_iframe_\/3234986\/m-generic-inread-300x250_0__container__\">Respecto al tr\u00e1mite parlamentario que viene, Ortiz indic\u00f3 adem\u00e1s que hay que esperar las indicaciones entregadas por el Gobierno, pero enfatiz\u00f3 que en esta materia \u201cno hay orden de partido (\u2026) as\u00ed que por lo tanto nosotros tenemos la posibilidad de conversar los temas y tomar decisiones en la bancada\u201d.<\/div>\n<\/div>\n<\/div>\n<\/div>\n<\/div>\n<p>Las palabras de Ortiz solo reflejan el ambiente que hay en la DC con el acuerdo de Chahin. El senador DC Jorge Pizarro desde ya advirti\u00f3 que \u201cen el Senado la tramitaci\u00f3n ser\u00e1 distinta\u201d, mientras su colega Francisco Huenchumilla fue m\u00e1s enf\u00e1tico, se\u00f1alando que \u201cpreocupa la pol\u00edtica que est\u00e1 llevando a cabo el presidente del partido, porque nos est\u00e1 haciendo votar como la derecha\u201d.<\/p>\n<p>El acuerdo de la DC tambi\u00e9n caus\u00f3 revuelo en la oposici\u00f3n. De hecho, el presidente de la Comisi\u00f3n de Hacienda de la C\u00e1mara, Daniel N\u00fa\u00f1ez (PC) dijo que el protocolo es\u00a0&#8220;\u00e9ticamente inmoral&#8221;, mientras el senador PPD Ricardo Lagos Weber cuestion\u00f3 el m\u00e9todo de compensaci\u00f3n que contempla el Ejecutivo para la reintegraci\u00f3n tributaria. Por su parte, el jefe de bancada PS Manuel Monsalve (PS) lament\u00f3 que la \u201cDC haya cedido a favor de la integraci\u00f3n tributaria que s\u00f3lo favorece las rentas de los due\u00f1os de las grandes empresas\u201d.<\/p>\n<h3>La respuesta de Hacienda<\/h3>\n<p>Pero ante las cr\u00edticas, el ministro de Hacienda, Felipe Larra\u00edn dijo hoy que \u201cmuchos de los planteamientos que se hacen respecto de la integraci\u00f3n est\u00e1n equivocados\u201d.<\/p>\n<p>Adem\u00e1s, dijo que est\u00e1 disponible para abordar las dudas de los parlamentarios: \u201cLo que queremos hacer es cumplir con lo que nos hemos comprometido: nosotros vamos a cumplir y queremos que nos cumplan&#8221;, concluy\u00f3 tras participar en el seminario de AmCham sobre competitividad.<\/p>\n<p>Cr\u00e9dito El Mostrador<\/p>\n<\/div>\n","protected":false},"excerpt":{"rendered":"<p>Jos\u00e9 Miguel Ortiz es uno de los diputados DC integrantes de la comisi\u00f3n de Hacienda y no estuvo en la firma del controvertido protocolo el&#8230;<\/p>\n","protected":false},"author":2,"featured_media":8488,"comment_status":"closed","ping_status":"open","sticky":false,"template":"","format":"standard","meta":{"footnotes":""},"categories":[4,267],"tags":[],"_links":{"self":[{"href":"http:\/\/www.primeranota.cl\/web\/wp-json\/wp\/v2\/posts\/8487"}],"collection":[{"href":"http:\/\/www.primeranota.cl\/web\/wp-json\/wp\/v2\/posts"}],"about":[{"href":"http:\/\/www.primeranota.cl\/web\/wp-json\/wp\/v2\/types\/post"}],"author":[{"embeddable":true,"href":"http:\/\/www.primeranota.cl\/web\/wp-json\/wp\/v2\/users\/2"}],"replies":[{"embeddable":true,"href":"http:\/\/www.primeranota.cl\/web\/wp-json\/wp\/v2\/comments?post=8487"}],"version-history":[{"count":3,"href":"http:\/\/www.primeranota.cl\/web\/wp-json\/wp\/v2\/posts\/8487\/revisions"}],"predecessor-version":[{"id":8491,"href":"http:\/\/www.primeranota.cl\/web\/wp-json\/wp\/v2\/posts\/8487\/revisions\/8491"}],"wp:featuredmedia":[{"embeddable":true,"href":"http:\/\/www.primeranota.cl\/web\/wp-json\/wp\/v2\/media\/8488"}],"wp:attachment":[{"href":"http:\/\/www.primeranota.cl\/web\/wp-json\/wp\/v2\/media?parent=8487"}],"wp:term":[{"taxonomy":"category","embeddable":true,"href":"http:\/\/www.primeranota.cl\/web\/wp-json\/wp\/v2\/categories?post=8487"},{"taxonomy":"post_tag","embeddable":true,"href":"http:\/\/www.primeranota.cl\/web\/wp-json\/wp\/v2\/tags?post=8487"}],"curies":[{"name":"wp","href":"https:\/\/api.w.org\/{rel}","templated":true}]}}